{"id":37434,"date":"2019-07-29T13:23:46","date_gmt":"2019-07-29T13:23:46","guid":{"rendered":"http:\/\/newvt.verticaltechnik.ch\/news\/ch-basel-novartis-allenamento-in-strada-2\/"},"modified":"2025-11-11T13:58:42","modified_gmt":"2025-11-11T13:58:42","slug":"ch-basel-novartis-allenamento-in-strada-2","status":"publish","type":"post","link":"https:\/\/verticaltechnik.ch\/it\/ch-basel-novartis-allenamento-in-strada-2\/","title":{"rendered":"CH Basel Novartis - Allenamento in strada"},"content":{"rendered":"\n<figure class=\"wp-block-image size-full\"><img loading=\"lazy\" decoding=\"async\" width=\"800\" height=\"600\" src=\"https:\/\/newvt.verticaltechnik.ch\/wp-content\/uploads\/2019\/07\/2iufmpu5.png\" alt=\"\" class=\"wp-image-34377\" srcset=\"https:\/\/verticaltechnik.ch\/wp-content\/uploads\/2019\/07\/2iufmpu5.png 800w, https:\/\/verticaltechnik.ch\/wp-content\/uploads\/2019\/07\/2iufmpu5-600x450.png 600w, https:\/\/verticaltechnik.ch\/wp-content\/uploads\/2019\/07\/2iufmpu5-300x225.png 300w, https:\/\/verticaltechnik.ch\/wp-content\/uploads\/2019\/07\/2iufmpu5-768x576.png 768w\" sizes=\"auto, (max-width: 800px) 100vw, 800px\" \/><\/figure>\n\n<p>Nella cantina del Campus Novartis di Basilea non ci sono solo rastrelliere per le biciclette, ma anche una struttura per l&#8217;allenamento in strada che non \u00e8 aperta al pubblico e pu\u00f2 essere utilizzata 24 ore su 24 dai dipendenti e dagli ospiti di Novartis. La struttura \u00e8 tecnicamente simile a quella accessibile al pubblico di M\u00fcnchenstein, BL. <\/p>\n\n<p>Alcuni O-ring montati sui pilastri principali consentono ora il facile fissaggio di bande di resistenza per una maggiore variet\u00e0 di allenamento.<br\/>Il gioiello del campus Novartis \u00e8 il nostro primo impianto indoor e invita quindi all&#8217;allenamento anche in caso di pioggia o sole cocente.<br\/><br\/>Grazie mille per l&#8217;ordine e la piacevole collaborazione a Novartis e ISS Facility Services AG.<\/p>\n<p><!-- \/wp:post-content -->[vc_gallery css=&#8221;&#8221; type=&#8221;image_grid&#8221; images=&#8221;34385,34389,34401,34405,34410,34422,34399,34414,34418,34400,37435&#8243; image_grid_loading=&#8221;default&#8221; layout=&#8221;4&#8243; item_spacing=&#8221;default&#8221; gallery_style=&#8221;7&#8243; load_in_animation=&#8221;none&#8221;]","protected":false},"excerpt":{"rendered":"<p>Nella cantina del Campus Novartis di Basilea non ci sono solo rastrelliere per le biciclette, ma anche una struttura per l&#8217;allenamento in strada che non \u00e8 aperta al pubblico e&#8230;<\/p>\n","protected":false},"author":1,"featured_media":34377,"comment_status":"open","ping_status":"open","sticky":false,"template":"","format":"standard","meta":{"footnotes":""},"categories":[10983,10879,10845,10847,10865,10852,10846],"tags":[],"jahr":[11084],"kanton":[11123],"land":[11168],"anlagentyp":[11207],"class_list":{"0":"post-37434","1":"post","2":"type-post","3":"status-publish","4":"format-standard","5":"has-post-thumbnail","7":"category-2019-it-2","8":"category-bs-it","9":"category-cronologia","10":"category-paese","11":"category-street-workout-it","12":"category-svizzera","13":"category-tipo-di-impianto","14":"jahr-2019-it","15":"kanton-bs-it","16":"land-schweiz-it","17":"anlagentyp-streetworkout-it"},"_links":{"self":[{"href":"https:\/\/verticaltechnik.ch\/it\/wp-json\/wp\/v2\/posts\/37434","targetHints":{"allow":["GET"]}}],"collection":[{"href":"https:\/\/verticaltechnik.ch\/it\/wp-json\/wp\/v2\/posts"}],"about":[{"href":"https:\/\/verticaltechnik.ch\/it\/wp-json\/wp\/v2\/types\/post"}],"author":[{"embeddable":true,"href":"https:\/\/verticaltechnik.ch\/it\/wp-json\/wp\/v2\/users\/1"}],"replies":[{"embeddable":true,"href":"https:\/\/verticaltechnik.ch\/it\/wp-json\/wp\/v2\/comments?post=37434"}],"version-history":[{"count":0,"href":"https:\/\/verticaltechnik.ch\/it\/wp-json\/wp\/v2\/posts\/37434\/revisions"}],"wp:featuredmedia":[{"embeddable":true,"href":"https:\/\/verticaltechnik.ch\/it\/wp-json\/wp\/v2\/media\/34377"}],"wp:attachment":[{"href":"https:\/\/verticaltechnik.ch\/it\/wp-json\/wp\/v2\/media?parent=37434"}],"wp:term":[{"taxonomy":"category","embeddable":true,"href":"https:\/\/verticaltechnik.ch\/it\/wp-json\/wp\/v2\/categories?post=37434"},{"taxonomy":"post_tag","embeddable":true,"href":"https:\/\/verticaltechnik.ch\/it\/wp-json\/wp\/v2\/tags?post=37434"},{"taxonomy":"jahr","embeddable":true,"href":"https:\/\/verticaltechnik.ch\/it\/wp-json\/wp\/v2\/jahr?post=37434"},{"taxonomy":"kanton","embeddable":true,"href":"https:\/\/verticaltechnik.ch\/it\/wp-json\/wp\/v2\/kanton?post=37434"},{"taxonomy":"land","embeddable":true,"href":"https:\/\/verticaltechnik.ch\/it\/wp-json\/wp\/v2\/land?post=37434"},{"taxonomy":"anlagentyp","embeddable":true,"href":"https:\/\/verticaltechnik.ch\/it\/wp-json\/wp\/v2\/anlagentyp?post=37434"}],"curies":[{"name":"wp","href":"https:\/\/api.w.org\/{rel}","templated":true}]}}