{"id":37465,"date":"2019-08-26T13:23:46","date_gmt":"2019-08-26T13:23:46","guid":{"rendered":"http:\/\/newvt.verticaltechnik.ch\/news\/ch-davos-bowl-ig-skatepark-faerich-2\/"},"modified":"2025-11-11T13:58:37","modified_gmt":"2025-11-11T13:58:37","slug":"ch-davos-bowl-ig-skatepark-faerich-2","status":"publish","type":"post","link":"https:\/\/verticaltechnik.ch\/it\/ch-davos-bowl-ig-skatepark-faerich-2\/","title":{"rendered":"CH Davos - Bowl IG Skatepark F\u00e4rich"},"content":{"rendered":"\n<figure class=\"wp-block-image size-full\"><img loading=\"lazy\" decoding=\"async\" width=\"800\" height=\"600\" src=\"https:\/\/newvt.verticaltechnik.ch\/wp-content\/uploads\/2019\/08\/rigpa3ki.png\" alt=\"\" class=\"wp-image-34176\" srcset=\"https:\/\/verticaltechnik.ch\/wp-content\/uploads\/2019\/08\/rigpa3ki.png 800w, https:\/\/verticaltechnik.ch\/wp-content\/uploads\/2019\/08\/rigpa3ki-600x450.png 600w, https:\/\/verticaltechnik.ch\/wp-content\/uploads\/2019\/08\/rigpa3ki-300x225.png 300w, https:\/\/verticaltechnik.ch\/wp-content\/uploads\/2019\/08\/rigpa3ki-768x576.png 768w\" sizes=\"auto, (max-width: 800px) 100vw, 800px\" \/><\/figure>\n\n<p>Ci sono voluti 6 anni dall&#8217;idea alla sua realizzazione, ma all&#8217;inizio di agosto 2019 il progetto &#8220;Bowl in Davos&#8221; \u00e8 diventato realt\u00e0 sotto forma di cemento, acciaio e rivestimenti per piscine.<\/p>\n\n<p>Gli skater di Davos e dintorni devono ringraziare l&#8217;IG Skatepark F\u00e4rich di Yanosh Simenic, che dal 2013 lavora alla realizzazione del loro sogno. Il design, che ricorda una mezza nocciolina, \u00e8 stato in gran parte creato da Marco Guler. Vertical Technik ha poi adattato e ottimizzato gli schizzi alle condizioni locali. I lavori di sbancamento e di drenaggio sono stati eseguiti dall&#8217;impresa locale di escavatori ed ex corridore di sci svizzero e vincitore assoluto della Coppa del Mondo Paul Accola.   <br\/><br\/>A 1588 metri sul livello del mare, questa \u00e8 la vasca verticale pi\u00f9 alta d&#8217;Europa! Ha una profondit\u00e0 di 1,3-2 metri con 10 cm di altezza. Nella parte bassa, quella meno profonda, \u00e8 stata installata una copertura in acciaio e nella parte profonda una copertura in cemento. In questo modo si crea una variet\u00e0 e si mettono alla prova le abilit\u00e0 dei corridori.   <br\/><br\/>La posizione a F\u00e4rich \u00e8 perfetta. La vasca si trova vicino al bike park, alla pump track e al parco avventura. Per rifocillarti, puoi recarti allo &#8220;Chalet Velo&#8221;. Un parco giochi e tante opzioni per rilassarsi completano l&#8217;offerta.   <\/p>\n\n<p>Noi della Vertical Skatepark Crew desideriamo ringraziare Yanosh, Val\u00e9rie e Paul Accola per la grande collaborazione. Vi auguriamo tante sessioni indimenticabili al &#8220;Camping Sch\u00fcssla&#8221;! <\/p>\n\n<p>Posizione:<br\/>Fl\u00fcelastrasse 26<br\/>7260 Davos<\/p>\n\n<p><strong><a href=\"https:\/\/www.chaletvelo.ch\/\" target=\"_blank\" rel=\"noreferrer noopener\">Chalet Velo<br\/><\/a><a href=\"https:\/\/www.davos.ch\/sommer\/aktivitaeten\/davos-adventure-park\/\" target=\"_blank\" rel=\"noreferrer noopener\">Davos Adventure Park<br\/><\/a><a href=\"https:\/\/www.accoladavos.com\/\" target=\"_blank\" rel=\"noreferrer noopener\">Paul Accola<\/a><\/strong><\/p>\n<p><!-- \/wp:post-content -->[vc_gallery css=&#8221;&#8221; type=&#8221;image_grid&#8221; images=&#8221;34184,34188,34192,34196,34200,34204,34208,34212,34216&#8243; image_grid_loading=&#8221;default&#8221; layout=&#8221;4&#8243; item_spacing=&#8221;default&#8221; gallery_style=&#8221;7&#8243; load_in_animation=&#8221;none&#8221;]","protected":false},"excerpt":{"rendered":"<p>Ci sono voluti 6 anni dall&#8217;idea alla sua realizzazione, ma all&#8217;inizio di agosto 2019 il progetto &#8220;Bowl in Davos&#8221; \u00e8 diventato realt\u00e0 sotto forma di cemento, acciaio e rivestimenti per&#8230;<\/p>\n","protected":false},"author":1,"featured_media":34176,"comment_status":"open","ping_status":"open","sticky":false,"template":"","format":"standard","meta":{"footnotes":""},"categories":[10983,10845,10947,10847,10787,10852,10846],"tags":[],"jahr":[11084],"kanton":[11132],"land":[11168],"anlagentyp":[11056],"class_list":{"0":"post-37465","1":"post","2":"type-post","3":"status-publish","4":"format-standard","5":"has-post-thumbnail","7":"category-2019-it-2","8":"category-cronologia","9":"category-gr-it","10":"category-paese","11":"category-parchi-per-skate-in-cemento","12":"category-svizzera","13":"category-tipo-di-impianto","14":"jahr-2019-it","15":"kanton-gr-it","16":"land-schweiz-it","17":"anlagentyp-beton-skateparks"},"_links":{"self":[{"href":"https:\/\/verticaltechnik.ch\/it\/wp-json\/wp\/v2\/posts\/37465","targetHints":{"allow":["GET"]}}],"collection":[{"href":"https:\/\/verticaltechnik.ch\/it\/wp-json\/wp\/v2\/posts"}],"about":[{"href":"https:\/\/verticaltechnik.ch\/it\/wp-json\/wp\/v2\/types\/post"}],"author":[{"embeddable":true,"href":"https:\/\/verticaltechnik.ch\/it\/wp-json\/wp\/v2\/users\/1"}],"replies":[{"embeddable":true,"href":"https:\/\/verticaltechnik.ch\/it\/wp-json\/wp\/v2\/comments?post=37465"}],"version-history":[{"count":0,"href":"https:\/\/verticaltechnik.ch\/it\/wp-json\/wp\/v2\/posts\/37465\/revisions"}],"wp:featuredmedia":[{"embeddable":true,"href":"https:\/\/verticaltechnik.ch\/it\/wp-json\/wp\/v2\/media\/34176"}],"wp:attachment":[{"href":"https:\/\/verticaltechnik.ch\/it\/wp-json\/wp\/v2\/media?parent=37465"}],"wp:term":[{"taxonomy":"category","embeddable":true,"href":"https:\/\/verticaltechnik.ch\/it\/wp-json\/wp\/v2\/categories?post=37465"},{"taxonomy":"post_tag","embeddable":true,"href":"https:\/\/verticaltechnik.ch\/it\/wp-json\/wp\/v2\/tags?post=37465"},{"taxonomy":"jahr","embeddable":true,"href":"https:\/\/verticaltechnik.ch\/it\/wp-json\/wp\/v2\/jahr?post=37465"},{"taxonomy":"kanton","embeddable":true,"href":"https:\/\/verticaltechnik.ch\/it\/wp-json\/wp\/v2\/kanton?post=37465"},{"taxonomy":"land","embeddable":true,"href":"https:\/\/verticaltechnik.ch\/it\/wp-json\/wp\/v2\/land?post=37465"},{"taxonomy":"anlagentyp","embeddable":true,"href":"https:\/\/verticaltechnik.ch\/it\/wp-json\/wp\/v2\/anlagentyp?post=37465"}],"curies":[{"name":"wp","href":"https:\/\/api.w.org\/{rel}","templated":true}]}}