{"id":37509,"date":"2023-08-11T13:23:46","date_gmt":"2023-08-11T13:23:46","guid":{"rendered":"http:\/\/newvt.verticaltechnik.ch\/news\/f-la-wantzenau-skatepark-in-cemento\/"},"modified":"2025-11-11T13:56:57","modified_gmt":"2025-11-11T13:56:57","slug":"f-la-wantzenau-skatepark-in-cemento","status":"publish","type":"post","link":"https:\/\/verticaltechnik.ch\/it\/f-la-wantzenau-skatepark-in-cemento\/","title":{"rendered":"F La Wantzenau - Skatepark in cemento"},"content":{"rendered":"\n<p>Nel 2021, il comune di La Wantzenau ha incaricato Vertical di un progetto di pianificazione di uno skatepark. <\/p>\n\n<p>Il progetto \u00e8 stato sviluppato in workshop di design con il parlamento giovanile, che \u00e8 dietro al progetto. Lo skatepark, con una superficie di 252 m2, comprende un&#8217;area street e una mini-rampa. <\/p>\n\n<p>Dopo la fase di gara d&#8217;appalto, i lavori sono stati assegnati all&#8217;impresa di costruzione DEXS Skateparks. In qualit\u00e0 di direzione lavori, Vertical ha seguito i lavori e li ha controllati settimanalmente. Contemporaneamente, l&#8217;impresa di costruzione Colas ha realizzato una superficie asfaltata per un campo polisportivo.  <\/p>\n\n<p>Lo skatepark \u00e8 stato costruito nella primavera del 2023 e l&#8217;inaugurazione ufficiale del parco \u00e8 avvenuta mercoled\u00ec 5 luglio 2023. I lavori di giardinaggio saranno eseguiti in seguito dal comune. <\/p>\n\n<p>Vertical Technik AG ringrazia sentitamente il comune di La Wantzenau per la fiducia e la buona collaborazione. Un grande ringraziamento va alle aziende Colas e DEXS per l&#8217;alta qualit\u00e0 dei lavori. <\/p>\n\n<p>Indirizzo:<\/p>\n\n<p>Rue de Vergers<\/p>\n\n<p>F-67610 La Wantzenau<\/p>\n<p><!-- \/wp:post-content -->[vc_gallery css=&#8221;&#8221; type=&#8221;image_grid&#8221; images=&#8221;34007,34010,34019,34016,34028,34029,34030&#8243; image_grid_loading=&#8221;default&#8221; layout=&#8221;4&#8243; item_spacing=&#8221;default&#8221; gallery_style=&#8221;7&#8243; load_in_animation=&#8221;none&#8221;]","protected":false},"excerpt":{"rendered":"<p>Nel 2021, il comune di La Wantzenau ha incaricato Vertical di un progetto di pianificazione di uno skatepark. Il progetto \u00e8 stato sviluppato in workshop di design con il parlamento&#8230;<\/p>\n","protected":false},"author":1,"featured_media":34003,"comment_status":"open","ping_status":"open","sticky":false,"template":"","format":"standard","meta":{"footnotes":""},"categories":[10972,10845,10788,10847,10787,10846],"tags":[],"jahr":[11073],"kanton":[],"land":[11053],"anlagentyp":[11056],"class_list":{"0":"post-37509","1":"post","2":"type-post","3":"status-publish","4":"format-standard","5":"has-post-thumbnail","7":"category-2023-it","8":"category-cronologia","9":"category-francia","10":"category-paese","11":"category-parchi-per-skate-in-cemento","12":"category-tipo-di-impianto","13":"jahr-2023-it","14":"land-frankreich","15":"anlagentyp-beton-skateparks"},"_links":{"self":[{"href":"https:\/\/verticaltechnik.ch\/it\/wp-json\/wp\/v2\/posts\/37509","targetHints":{"allow":["GET"]}}],"collection":[{"href":"https:\/\/verticaltechnik.ch\/it\/wp-json\/wp\/v2\/posts"}],"about":[{"href":"https:\/\/verticaltechnik.ch\/it\/wp-json\/wp\/v2\/types\/post"}],"author":[{"embeddable":true,"href":"https:\/\/verticaltechnik.ch\/it\/wp-json\/wp\/v2\/users\/1"}],"replies":[{"embeddable":true,"href":"https:\/\/verticaltechnik.ch\/it\/wp-json\/wp\/v2\/comments?post=37509"}],"version-history":[{"count":0,"href":"https:\/\/verticaltechnik.ch\/it\/wp-json\/wp\/v2\/posts\/37509\/revisions"}],"wp:featuredmedia":[{"embeddable":true,"href":"https:\/\/verticaltechnik.ch\/it\/wp-json\/wp\/v2\/media\/34003"}],"wp:attachment":[{"href":"https:\/\/verticaltechnik.ch\/it\/wp-json\/wp\/v2\/media?parent=37509"}],"wp:term":[{"taxonomy":"category","embeddable":true,"href":"https:\/\/verticaltechnik.ch\/it\/wp-json\/wp\/v2\/categories?post=37509"},{"taxonomy":"post_tag","embeddable":true,"href":"https:\/\/verticaltechnik.ch\/it\/wp-json\/wp\/v2\/tags?post=37509"},{"taxonomy":"jahr","embeddable":true,"href":"https:\/\/verticaltechnik.ch\/it\/wp-json\/wp\/v2\/jahr?post=37509"},{"taxonomy":"kanton","embeddable":true,"href":"https:\/\/verticaltechnik.ch\/it\/wp-json\/wp\/v2\/kanton?post=37509"},{"taxonomy":"land","embeddable":true,"href":"https:\/\/verticaltechnik.ch\/it\/wp-json\/wp\/v2\/land?post=37509"},{"taxonomy":"anlagentyp","embeddable":true,"href":"https:\/\/verticaltechnik.ch\/it\/wp-json\/wp\/v2\/anlagentyp?post=37509"}],"curies":[{"name":"wp","href":"https:\/\/api.w.org\/{rel}","templated":true}]}}