{"id":37522,"date":"2023-08-31T13:23:46","date_gmt":"2023-08-31T13:23:46","guid":{"rendered":"http:\/\/newvt.verticaltechnik.ch\/news\/ch-huenenberg-skatepark-in-cemento-presso-limpianto-sportivo-ehret\/"},"modified":"2025-11-11T13:56:47","modified_gmt":"2025-11-11T13:56:47","slug":"ch-huenenberg-skatepark-in-cemento-presso-limpianto-sportivo-ehret","status":"publish","type":"post","link":"https:\/\/verticaltechnik.ch\/it\/ch-huenenberg-skatepark-in-cemento-presso-limpianto-sportivo-ehret\/","title":{"rendered":"CH H\u00fcnenberg - Skatepark in cemento presso l&#8217;impianto sportivo Ehret"},"content":{"rendered":"\n<p>Quest&#8217;estate abbiamo potuto costruire un nuovo skatepark in cemento nel comune di H\u00fcnenberg, che ha sostituito un parco pi\u00f9 vecchio, non pi\u00f9 attuale, con elementi in cemento su asfalto.<\/p>\n\n<p>Il progetto \u00e8 nato da un workshop con il servizio giovanile di H\u00fcnenberg.<\/p>\n\n<p>Il 9 settembre 2023 il parco sar\u00e0 inaugurato ufficialmente dal consiglio comunale. Per la cerimonia di inaugurazione, il servizio giovanile di H\u00fcnenberg, in collaborazione con gli utenti dello skatepark, organizzer\u00e0 un programma vario con gare, spettacoli, musica e intrattenimento. <\/p>\n\n<p>Link: <a href=\"https:\/\/verticaltechnik.ch\/de\/beton-skateparks\/892-grobkostenschatzung-betonskatepark.html\"><strong>Stima dei costi dello skatepark in cemento<\/strong><\/a><\/p>\n\n<p>Zentrumstrasse 14<br\/>6331 H\u00fcnenberg<br\/>Svizzera<\/p>\n<p><!-- \/wp:post-content -->[vc_gallery css=&#8221;&#8221; type=&#8221;image_grid&#8221; images=&#8221;33870,33876,33880,33884,33887,33890,33897,33898,33902,33907,33910&#8243; image_grid_loading=&#8221;default&#8221; layout=&#8221;4&#8243; item_spacing=&#8221;default&#8221; gallery_style=&#8221;7&#8243; load_in_animation=&#8221;none&#8221;]<!-- wp:embed {\"url\":\"https:\/\/www.jah-zg.ch\/2023\/09\/13\/einweihung-skatepark-huenenberg\/\",\"type\":\"wp-embed\",\"providerNameSlug\":\"jugendarbeit-h-nenberg\"} -->\n<figure class=\"wp-block-embed is-type-wp-embed is-provider-jugendarbeit-h-nenberg wp-block-embed-jugendarbeit-h-nenberg\"><div class=\"wp-block-embed__wrapper\">\n<blockquote class=\"wp-embedded-content\" data-secret=\"idEHnUzE6p\"><a href=\"https:\/\/www.jah-zg.ch\/2023\/09\/13\/einweihung-skatepark-huenenberg\/\">EINWEIHUNG SKATEPARK H\u00dcNENBERG<\/a><\/blockquote><iframe loading=\"lazy\" class=\"wp-embedded-content\" sandbox=\"allow-scripts\" security=\"restricted\" style=\"position: absolute; visibility: hidden;\" title=\"&#8222;EINWEIHUNG SKATEPARK H\u00dcNENBERG&#8220; &#8211; Jugendarbeit H\u00fcnenberg\" src=\"https:\/\/www.jah-zg.ch\/2023\/09\/13\/einweihung-skatepark-huenenberg\/embed\/#?secret=cQOpscDeb5#?secret=idEHnUzE6p\" data-secret=\"idEHnUzE6p\" width=\"600\" height=\"338\" frameborder=\"0\" marginwidth=\"0\" marginheight=\"0\" scrolling=\"no\"><\/iframe>\n<\/div><\/figure>\n<!-- \/wp:embed -->","protected":false},"excerpt":{"rendered":"<p>Quest&#8217;estate abbiamo potuto costruire un nuovo skatepark in cemento nel comune di H\u00fcnenberg, che ha sostituito un parco pi\u00f9 vecchio, non pi\u00f9 attuale, con elementi in cemento su asfalto. Il&#8230;<\/p>\n","protected":false},"author":1,"featured_media":33867,"comment_status":"open","ping_status":"open","sticky":false,"template":"","format":"standard","meta":{"footnotes":""},"categories":[10972,10845,10847,10787,10852,10846,10912],"tags":[],"jahr":[11073],"kanton":[11163],"land":[11168],"anlagentyp":[11056],"class_list":{"0":"post-37522","1":"post","2":"type-post","3":"status-publish","4":"format-standard","5":"has-post-thumbnail","7":"category-2023-it","8":"category-cronologia","9":"category-paese","10":"category-parchi-per-skate-in-cemento","11":"category-svizzera","12":"category-tipo-di-impianto","13":"category-zg-it","14":"jahr-2023-it","15":"kanton-zg-it","16":"land-schweiz-it","17":"anlagentyp-beton-skateparks"},"_links":{"self":[{"href":"https:\/\/verticaltechnik.ch\/it\/wp-json\/wp\/v2\/posts\/37522","targetHints":{"allow":["GET"]}}],"collection":[{"href":"https:\/\/verticaltechnik.ch\/it\/wp-json\/wp\/v2\/posts"}],"about":[{"href":"https:\/\/verticaltechnik.ch\/it\/wp-json\/wp\/v2\/types\/post"}],"author":[{"embeddable":true,"href":"https:\/\/verticaltechnik.ch\/it\/wp-json\/wp\/v2\/users\/1"}],"replies":[{"embeddable":true,"href":"https:\/\/verticaltechnik.ch\/it\/wp-json\/wp\/v2\/comments?post=37522"}],"version-history":[{"count":0,"href":"https:\/\/verticaltechnik.ch\/it\/wp-json\/wp\/v2\/posts\/37522\/revisions"}],"wp:featuredmedia":[{"embeddable":true,"href":"https:\/\/verticaltechnik.ch\/it\/wp-json\/wp\/v2\/media\/33867"}],"wp:attachment":[{"href":"https:\/\/verticaltechnik.ch\/it\/wp-json\/wp\/v2\/media?parent=37522"}],"wp:term":[{"taxonomy":"category","embeddable":true,"href":"https:\/\/verticaltechnik.ch\/it\/wp-json\/wp\/v2\/categories?post=37522"},{"taxonomy":"post_tag","embeddable":true,"href":"https:\/\/verticaltechnik.ch\/it\/wp-json\/wp\/v2\/tags?post=37522"},{"taxonomy":"jahr","embeddable":true,"href":"https:\/\/verticaltechnik.ch\/it\/wp-json\/wp\/v2\/jahr?post=37522"},{"taxonomy":"kanton","embeddable":true,"href":"https:\/\/verticaltechnik.ch\/it\/wp-json\/wp\/v2\/kanton?post=37522"},{"taxonomy":"land","embeddable":true,"href":"https:\/\/verticaltechnik.ch\/it\/wp-json\/wp\/v2\/land?post=37522"},{"taxonomy":"anlagentyp","embeddable":true,"href":"https:\/\/verticaltechnik.ch\/it\/wp-json\/wp\/v2\/anlagentyp?post=37522"}],"curies":[{"name":"wp","href":"https:\/\/api.w.org\/{rel}","templated":true}]}}