{"id":37595,"date":"2024-02-09T13:23:46","date_gmt":"2024-02-09T13:23:46","guid":{"rendered":"http:\/\/newvt.verticaltechnik.ch\/news\/ch-unteraegeri-insieme-attivi-vertical-technik-ag-realizza-impianti-di-street-workout-e-parkour\/"},"modified":"2026-01-15T10:48:54","modified_gmt":"2026-01-15T10:48:54","slug":"ch-unteraegeri-insieme-attivi-vertical-technik-ag-realizza-impianti-di-street-workout-e-parkour","status":"publish","type":"post","link":"https:\/\/verticaltechnik.ch\/it\/ch-unteraegeri-insieme-attivi-vertical-technik-ag-realizza-impianti-di-street-workout-e-parkour\/","title":{"rendered":"CH Unter\u00e4geri - Insieme attivi: Vertical Technik AG realizza impianti per street workout e parkour"},"content":{"rendered":"\n<p>Siamo lieti di annunciare che Vertical Technik AG, in collaborazione con il <a href=\"https:\/\/www.unteraegeri.ch\/\" target=\"_blank\" rel=\"noreferrer noopener\">comune di Unter\u00e4geri<\/a>, ha realizzato un progetto entusiasmante: la costruzione di uno street workout con parkour. Questa iniziativa \u00e8 il risultato di una cooperazione estremamente positiva tra la nostra azienda e il comune di Unter\u00e4geri. <\/p>\n\n<p>Insieme alle associazioni sportive e ai giovani del comune, Vertical Technik AG ha organizzato un workshop in cui sono state discusse e sviluppate le idee e i desideri per gli impianti di street workout e parkour. La variet\u00e0 di prospettive e l&#8217;energia creativa sprigionata durante questo workshop hanno contribuito in modo significativo alla progettazione degli impianti. <\/p>\n\n<p>Gli impianti sportivi non sono solo un luogo per l&#8217;attivit\u00e0 fisica, ma anche una vivace espressione della collaborazione tra Vertical Technik AG e il comune di Unter\u00e4geri. La comunicazione fluida e il confronto costruttivo durante l&#8217;intero progetto hanno portato a una realizzazione di successo. <\/p>\n\n<p>Un punto culminante \u00e8 stata l&#8217;integrazione degli impianti di street workout e parkour nelle aree esterne della scuola di Unter\u00e4geri. Ci\u00f2 consente non solo alla comunit\u00e0 scolastica, ma anche all&#8217;intera popolazione, di utilizzare gli impianti sportivi e di beneficiare delle diverse opportunit\u00e0 di allenamento. <\/p>\n\n<p>Siamo orgogliosi di contribuire alla promozione delle attivit\u00e0 sportive a Unter\u00e4geri e ringraziamo il comune per l&#8217;eccellente collaborazione. L&#8217;impianto di street workout e parkour non \u00e8 solo un arricchimento per la forma fisica, ma anche per il senso di comunit\u00e0 e la qualit\u00e0 della vita locale. <\/p>\n<p><!-- \/wp:post-content -->[vc_gallery css=&#8221;&#8221; type=&#8221;image_grid&#8221; images=&#8221;33588,33593,33592&#8243; image_grid_loading=&#8221;default&#8221; layout=&#8221;4&#8243; item_spacing=&#8221;default&#8221; gallery_style=&#8221;7&#8243; load_in_animation=&#8221;none&#8221;]\n","protected":false},"excerpt":{"rendered":"<p>Siamo lieti di annunciare che Vertical Technik AG, in collaborazione con il comune di Unter\u00e4geri, ha realizzato un progetto entusiasmante: la costruzione di uno street workout con parkour. Questa iniziativa&#8230;<\/p>\n","protected":false},"author":1,"featured_media":33582,"comment_status":"open","ping_status":"open","sticky":false,"template":"","format":"standard","meta":{"footnotes":""},"categories":[10989,10845,10974,10847,10865,10852,10846,10912],"tags":[],"jahr":[11069],"kanton":[11163],"land":[11168],"anlagentyp":[11204,11207],"class_list":{"0":"post-37595","1":"post","2":"type-post","3":"status-publish","4":"format-standard","5":"has-post-thumbnail","7":"category-2024-it","8":"category-cronologia","9":"category-strutture-per-il-parkour","10":"category-paese","11":"category-street-workout-it","12":"category-svizzera","13":"category-tipo-di-impianto","14":"category-zg-it","15":"jahr-2024-it","16":"kanton-zg-it","17":"land-schweiz-it","18":"anlagentyp-parkouranlagen-it","19":"anlagentyp-streetworkout-it"},"_links":{"self":[{"href":"https:\/\/verticaltechnik.ch\/it\/wp-json\/wp\/v2\/posts\/37595","targetHints":{"allow":["GET"]}}],"collection":[{"href":"https:\/\/verticaltechnik.ch\/it\/wp-json\/wp\/v2\/posts"}],"about":[{"href":"https:\/\/verticaltechnik.ch\/it\/wp-json\/wp\/v2\/types\/post"}],"author":[{"embeddable":true,"href":"https:\/\/verticaltechnik.ch\/it\/wp-json\/wp\/v2\/users\/1"}],"replies":[{"embeddable":true,"href":"https:\/\/verticaltechnik.ch\/it\/wp-json\/wp\/v2\/comments?post=37595"}],"version-history":[{"count":0,"href":"https:\/\/verticaltechnik.ch\/it\/wp-json\/wp\/v2\/posts\/37595\/revisions"}],"wp:featuredmedia":[{"embeddable":true,"href":"https:\/\/verticaltechnik.ch\/it\/wp-json\/wp\/v2\/media\/33582"}],"wp:attachment":[{"href":"https:\/\/verticaltechnik.ch\/it\/wp-json\/wp\/v2\/media?parent=37595"}],"wp:term":[{"taxonomy":"category","embeddable":true,"href":"https:\/\/verticaltechnik.ch\/it\/wp-json\/wp\/v2\/categories?post=37595"},{"taxonomy":"post_tag","embeddable":true,"href":"https:\/\/verticaltechnik.ch\/it\/wp-json\/wp\/v2\/tags?post=37595"},{"taxonomy":"jahr","embeddable":true,"href":"https:\/\/verticaltechnik.ch\/it\/wp-json\/wp\/v2\/jahr?post=37595"},{"taxonomy":"kanton","embeddable":true,"href":"https:\/\/verticaltechnik.ch\/it\/wp-json\/wp\/v2\/kanton?post=37595"},{"taxonomy":"land","embeddable":true,"href":"https:\/\/verticaltechnik.ch\/it\/wp-json\/wp\/v2\/land?post=37595"},{"taxonomy":"anlagentyp","embeddable":true,"href":"https:\/\/verticaltechnik.ch\/it\/wp-json\/wp\/v2\/anlagentyp?post=37595"}],"curies":[{"name":"wp","href":"https:\/\/api.w.org\/{rel}","templated":true}]}}