{"id":37596,"date":"2024-05-02T13:23:46","date_gmt":"2024-05-02T13:23:46","guid":{"rendered":"http:\/\/newvt.verticaltechnik.ch\/news\/ch-nuglar-st-pantaleon-street-workout-per-giovani-e-anziani\/"},"modified":"2026-04-22T11:37:06","modified_gmt":"2026-04-22T11:37:06","slug":"ch-nuglar-st-pantaleon-street-workout-per-giovani-e-anziani","status":"publish","type":"post","link":"https:\/\/verticaltechnik.ch\/it\/ch-nuglar-st-pantaleon-street-workout-per-giovani-e-anziani\/","title":{"rendered":"CH Nuglar-St.Pantaleon - Street Workout per giovani e anziani"},"content":{"rendered":"&#13;\n<p>Vertical Technik AG ha realizzato con successo un impianto di Street Workout per il comune di Nuglar-St.Pantaleon. Il team di Vertical - composto da ingegneri e designer esperti - ha collaborato a stretto contatto con il comune per sviluppare un impianto su misura, funzionale ed esteticamente gradevole. <\/p>&#13;\n&#13;\n<p>Dalla prima bozza concettuale all&#8217;installazione finale, \u00e8 stata data grande importanza alla qualit\u00e0 e alla sicurezza. Grazie all&#8217;ottima costruzione, l&#8217;impianto \u00e8 stato assemblato direttamente dal comune di Nuglar-St.Pantaleon. Offre una variet\u00e0 di opzioni di allenamento ed \u00e8 progettato per essere utilizzato da persone di tutte le et\u00e0 e livelli di forma fisica.  <\/p>&#13;\n&#13;\n<p>Siamo orgogliosi di aver consegnato al comune di Nuglar un progetto che non solo promuove la forma fisica, ma rafforza anche il senso di comunit\u00e0. Con il nuovo impianto di Street Workout, gli abitanti di Nuglar hanno ora un luogo dove incontrarsi, allenarsi e vivere insieme in modo sano. <\/p>&#13;\n<p><!-- \/wp:post-content -->[vc_gallery css=&#8221;&#8221; type=&#8221;image_grid&#8221; images=&#8221;33514,33543,33547,33535,33539,37597,33522,33523,33534,33532&#8243; image_grid_loading=&#8221;default&#8221; layout=&#8221;4&#8243; item_spacing=&#8221;default&#8221; gallery_style=&#8221;7&#8243; load_in_animation=&#8221;none&#8221;]\n","protected":false},"excerpt":{"rendered":"<p>&#13; Vertical Technik AG ha realizzato con successo un impianto di Street Workout per il comune di Nuglar-St.Pantaleon. Il team di Vertical - composto da ingegneri e designer esperti -&#8230;<\/p>\n","protected":false},"author":1,"featured_media":58851,"comment_status":"open","ping_status":"open","sticky":false,"template":"","format":"standard","meta":{"footnotes":""},"categories":[10989,10845,10847,10883,10865,10852,10846],"tags":[],"jahr":[11069],"kanton":[11147],"land":[11168],"anlagentyp":[11207],"class_list":{"0":"post-37596","1":"post","2":"type-post","3":"status-publish","4":"format-standard","5":"has-post-thumbnail","7":"category-2024-it","8":"category-cronologia","9":"category-paese","10":"category-so-it","11":"category-street-workout-it","12":"category-svizzera","13":"category-tipo-di-impianto","14":"jahr-2024-it","15":"kanton-so-it","16":"land-schweiz-it","17":"anlagentyp-streetworkout-it"},"_links":{"self":[{"href":"https:\/\/verticaltechnik.ch\/it\/wp-json\/wp\/v2\/posts\/37596","targetHints":{"allow":["GET"]}}],"collection":[{"href":"https:\/\/verticaltechnik.ch\/it\/wp-json\/wp\/v2\/posts"}],"about":[{"href":"https:\/\/verticaltechnik.ch\/it\/wp-json\/wp\/v2\/types\/post"}],"author":[{"embeddable":true,"href":"https:\/\/verticaltechnik.ch\/it\/wp-json\/wp\/v2\/users\/1"}],"replies":[{"embeddable":true,"href":"https:\/\/verticaltechnik.ch\/it\/wp-json\/wp\/v2\/comments?post=37596"}],"version-history":[{"count":2,"href":"https:\/\/verticaltechnik.ch\/it\/wp-json\/wp\/v2\/posts\/37596\/revisions"}],"predecessor-version":[{"id":58858,"href":"https:\/\/verticaltechnik.ch\/it\/wp-json\/wp\/v2\/posts\/37596\/revisions\/58858"}],"wp:featuredmedia":[{"embeddable":true,"href":"https:\/\/verticaltechnik.ch\/it\/wp-json\/wp\/v2\/media\/58851"}],"wp:attachment":[{"href":"https:\/\/verticaltechnik.ch\/it\/wp-json\/wp\/v2\/media?parent=37596"}],"wp:term":[{"taxonomy":"category","embeddable":true,"href":"https:\/\/verticaltechnik.ch\/it\/wp-json\/wp\/v2\/categories?post=37596"},{"taxonomy":"post_tag","embeddable":true,"href":"https:\/\/verticaltechnik.ch\/it\/wp-json\/wp\/v2\/tags?post=37596"},{"taxonomy":"jahr","embeddable":true,"href":"https:\/\/verticaltechnik.ch\/it\/wp-json\/wp\/v2\/jahr?post=37596"},{"taxonomy":"kanton","embeddable":true,"href":"https:\/\/verticaltechnik.ch\/it\/wp-json\/wp\/v2\/kanton?post=37596"},{"taxonomy":"land","embeddable":true,"href":"https:\/\/verticaltechnik.ch\/it\/wp-json\/wp\/v2\/land?post=37596"},{"taxonomy":"anlagentyp","embeddable":true,"href":"https:\/\/verticaltechnik.ch\/it\/wp-json\/wp\/v2\/anlagentyp?post=37596"}],"curies":[{"name":"wp","href":"https:\/\/api.w.org\/{rel}","templated":true}]}}