{"id":37658,"date":"2023-03-31T13:23:46","date_gmt":"2023-03-31T13:23:46","guid":{"rendered":"http:\/\/newvt.verticaltechnik.ch\/news\/ch-brugg-cubo-da-arrampicata-a-5-facce\/"},"modified":"2025-11-11T13:57:13","modified_gmt":"2025-11-11T13:57:13","slug":"ch-brugg-cubo-da-arrampicata-a-5-facce","status":"publish","type":"post","link":"https:\/\/verticaltechnik.ch\/it\/ch-brugg-cubo-da-arrampicata-a-5-facce\/","title":{"rendered":"CH Brugg \u2013 Cubo da arrampicata a 5 facce"},"content":{"rendered":"\n<p>All&#8217;esterno della piscina comunale della citt\u00e0 di Brugg, dalla primavera del 2023, \u00e8 disponibile un nuovo cubo da arrampicata per il pubblico. La disposizione dei cubi corrisponde alla nuova linea di design di Vertical Technik. Tutti i cubi sono completamente attrezzati con prese per l&#8217;arrampicata. La protezione anticaduta \u00e8 stata realizzata con sabbia ed \u00e8 presente un palo per arrampicarsi. Ringraziamo la citt\u00e0 di Brugg per l&#8217;ottima collaborazione.     <\/p>\n\n<p>Indirizzo:<\/p>\n\n<p>Piscina coperta e scoperta<\/p>\n\n<p>Kanalstrasse 20<\/p>\n\n<p>5200 Brugg AG<\/p>\n<p><!-- \/wp:post-content -->[vc_gallery css=&#8221;&#8221; type=&#8221;image_grid&#8221; images=&#8221;34772,34784,34780,34783,34788&#8243; image_grid_loading=&#8221;default&#8221; layout=&#8221;4&#8243; item_spacing=&#8221;default&#8221; gallery_style=&#8221;7&#8243; load_in_animation=&#8221;none&#8221;]","protected":false},"excerpt":{"rendered":"<p>All&#8217;esterno della piscina comunale della citt\u00e0 di Brugg, dalla primavera del 2023, \u00e8 disponibile un nuovo cubo da arrampicata per il pubblico. La disposizione dei cubi corrisponde alla nuova linea&#8230;<\/p>\n","protected":false},"author":1,"featured_media":34769,"comment_status":"open","ping_status":"open","sticky":false,"template":"","format":"standard","meta":{"footnotes":""},"categories":[10972,10961,10845,10932,10847,10852,10846],"tags":[],"jahr":[11073],"kanton":[11115],"land":[11168],"anlagentyp":[11198],"class_list":{"0":"post-37658","1":"post","2":"type-post","3":"status-publish","4":"format-standard","5":"has-post-thumbnail","7":"category-2023-it","8":"category-ag-it","9":"category-cronologia","10":"category-impianti-di-arrampicata","11":"category-paese","12":"category-svizzera","13":"category-tipo-di-impianto","14":"jahr-2023-it","15":"kanton-ag-it","16":"land-schweiz-it","17":"anlagentyp-kletteranlagen-it"},"_links":{"self":[{"href":"https:\/\/verticaltechnik.ch\/it\/wp-json\/wp\/v2\/posts\/37658","targetHints":{"allow":["GET"]}}],"collection":[{"href":"https:\/\/verticaltechnik.ch\/it\/wp-json\/wp\/v2\/posts"}],"about":[{"href":"https:\/\/verticaltechnik.ch\/it\/wp-json\/wp\/v2\/types\/post"}],"author":[{"embeddable":true,"href":"https:\/\/verticaltechnik.ch\/it\/wp-json\/wp\/v2\/users\/1"}],"replies":[{"embeddable":true,"href":"https:\/\/verticaltechnik.ch\/it\/wp-json\/wp\/v2\/comments?post=37658"}],"version-history":[{"count":0,"href":"https:\/\/verticaltechnik.ch\/it\/wp-json\/wp\/v2\/posts\/37658\/revisions"}],"wp:featuredmedia":[{"embeddable":true,"href":"https:\/\/verticaltechnik.ch\/it\/wp-json\/wp\/v2\/media\/34769"}],"wp:attachment":[{"href":"https:\/\/verticaltechnik.ch\/it\/wp-json\/wp\/v2\/media?parent=37658"}],"wp:term":[{"taxonomy":"category","embeddable":true,"href":"https:\/\/verticaltechnik.ch\/it\/wp-json\/wp\/v2\/categories?post=37658"},{"taxonomy":"post_tag","embeddable":true,"href":"https:\/\/verticaltechnik.ch\/it\/wp-json\/wp\/v2\/tags?post=37658"},{"taxonomy":"jahr","embeddable":true,"href":"https:\/\/verticaltechnik.ch\/it\/wp-json\/wp\/v2\/jahr?post=37658"},{"taxonomy":"kanton","embeddable":true,"href":"https:\/\/verticaltechnik.ch\/it\/wp-json\/wp\/v2\/kanton?post=37658"},{"taxonomy":"land","embeddable":true,"href":"https:\/\/verticaltechnik.ch\/it\/wp-json\/wp\/v2\/land?post=37658"},{"taxonomy":"anlagentyp","embeddable":true,"href":"https:\/\/verticaltechnik.ch\/it\/wp-json\/wp\/v2\/anlagentyp?post=37658"}],"curies":[{"name":"wp","href":"https:\/\/api.w.org\/{rel}","templated":true}]}}