{"id":37665,"date":"2019-07-30T13:23:46","date_gmt":"2019-07-30T13:23:46","guid":{"rendered":"http:\/\/newvt.verticaltechnik.ch\/news\/ch-riva-san-vitale-parete-boulder-interna-2\/"},"modified":"2025-11-11T13:58:40","modified_gmt":"2025-11-11T13:58:40","slug":"ch-riva-san-vitale-parete-boulder-interna-2","status":"publish","type":"post","link":"https:\/\/verticaltechnik.ch\/it\/ch-riva-san-vitale-parete-boulder-interna-2\/","title":{"rendered":"CH Riva San Vitale - Parete boulder interna"},"content":{"rendered":"\n<figure class=\"wp-block-image size-full\"><img loading=\"lazy\" decoding=\"async\" width=\"800\" height=\"600\" src=\"https:\/\/newvt.verticaltechnik.ch\/wp-content\/uploads\/2019\/07\/42pnzjvz.png\" alt=\"\" class=\"wp-image-34299\" srcset=\"https:\/\/verticaltechnik.ch\/wp-content\/uploads\/2019\/07\/42pnzjvz.png 800w, https:\/\/verticaltechnik.ch\/wp-content\/uploads\/2019\/07\/42pnzjvz-600x450.png 600w, https:\/\/verticaltechnik.ch\/wp-content\/uploads\/2019\/07\/42pnzjvz-300x225.png 300w, https:\/\/verticaltechnik.ch\/wp-content\/uploads\/2019\/07\/42pnzjvz-768x576.png 768w\" sizes=\"auto, (max-width: 800px) 100vw, 800px\" \/><\/figure>\n\n<p>Abbiamo recentemente installato una parete boulder nell&#8217;ex piscina coperta sotto il palazzetto dello sport della scuola di Riva San Vitale. La parete boulder comprende diversi percorsi con prese e volumi di arrampicata di varia difficolt\u00e0. La particolarit\u00e0 della parete di arrampicata \u00e8 la speciale illuminazione indiretta. Purtroppo non \u00e8 aperta al pubblico e viene utilizzata solo dalla scuola.   <\/p>\n\n<p>Desideriamo ringraziare il nostro cliente per l&#8217;ottima collaborazione.<\/p>\n<p><!-- \/wp:post-content -->[vc_gallery css=&#8221;&#8221; type=&#8221;image_grid&#8221; images=&#8221;34307,34311,34315,34319,34323,34327&#8243; image_grid_loading=&#8221;default&#8221; layout=&#8221;4&#8243; item_spacing=&#8221;default&#8221; gallery_style=&#8221;7&#8243; load_in_animation=&#8221;none&#8221;]","protected":false},"excerpt":{"rendered":"<p>Abbiamo recentemente installato una parete boulder nell&#8217;ex piscina coperta sotto il palazzetto dello sport della scuola di Riva San Vitale. La parete boulder comprende diversi percorsi con prese e volumi&#8230;<\/p>\n","protected":false},"author":1,"featured_media":34299,"comment_status":"open","ping_status":"open","sticky":false,"template":"","format":"standard","meta":{"footnotes":""},"categories":[10983,10845,10932,10847,10852,10938,10846],"tags":[],"jahr":[11084],"kanton":[11153],"land":[11168],"anlagentyp":[11198],"class_list":{"0":"post-37665","1":"post","2":"type-post","3":"status-publish","4":"format-standard","5":"has-post-thumbnail","7":"category-2019-it-2","8":"category-cronologia","9":"category-impianti-di-arrampicata","10":"category-paese","11":"category-svizzera","12":"category-ti-it","13":"category-tipo-di-impianto","14":"jahr-2019-it","15":"kanton-ti-it","16":"land-schweiz-it","17":"anlagentyp-kletteranlagen-it"},"_links":{"self":[{"href":"https:\/\/verticaltechnik.ch\/it\/wp-json\/wp\/v2\/posts\/37665","targetHints":{"allow":["GET"]}}],"collection":[{"href":"https:\/\/verticaltechnik.ch\/it\/wp-json\/wp\/v2\/posts"}],"about":[{"href":"https:\/\/verticaltechnik.ch\/it\/wp-json\/wp\/v2\/types\/post"}],"author":[{"embeddable":true,"href":"https:\/\/verticaltechnik.ch\/it\/wp-json\/wp\/v2\/users\/1"}],"replies":[{"embeddable":true,"href":"https:\/\/verticaltechnik.ch\/it\/wp-json\/wp\/v2\/comments?post=37665"}],"version-history":[{"count":0,"href":"https:\/\/verticaltechnik.ch\/it\/wp-json\/wp\/v2\/posts\/37665\/revisions"}],"wp:featuredmedia":[{"embeddable":true,"href":"https:\/\/verticaltechnik.ch\/it\/wp-json\/wp\/v2\/media\/34299"}],"wp:attachment":[{"href":"https:\/\/verticaltechnik.ch\/it\/wp-json\/wp\/v2\/media?parent=37665"}],"wp:term":[{"taxonomy":"category","embeddable":true,"href":"https:\/\/verticaltechnik.ch\/it\/wp-json\/wp\/v2\/categories?post=37665"},{"taxonomy":"post_tag","embeddable":true,"href":"https:\/\/verticaltechnik.ch\/it\/wp-json\/wp\/v2\/tags?post=37665"},{"taxonomy":"jahr","embeddable":true,"href":"https:\/\/verticaltechnik.ch\/it\/wp-json\/wp\/v2\/jahr?post=37665"},{"taxonomy":"kanton","embeddable":true,"href":"https:\/\/verticaltechnik.ch\/it\/wp-json\/wp\/v2\/kanton?post=37665"},{"taxonomy":"land","embeddable":true,"href":"https:\/\/verticaltechnik.ch\/it\/wp-json\/wp\/v2\/land?post=37665"},{"taxonomy":"anlagentyp","embeddable":true,"href":"https:\/\/verticaltechnik.ch\/it\/wp-json\/wp\/v2\/anlagentyp?post=37665"}],"curies":[{"name":"wp","href":"https:\/\/api.w.org\/{rel}","templated":true}]}}