{"id":50762,"date":"2025-08-29T13:23:46","date_gmt":"2025-08-29T13:23:46","guid":{"rendered":"https:\/\/newvt.verticaltechnik.ch\/ch-mendrisio-skatepark-parkour-street-workout\/"},"modified":"2026-01-15T10:48:39","modified_gmt":"2026-01-15T10:48:39","slug":"ch-mendrisio-skatepark-parkour-street-workout","status":"publish","type":"post","link":"https:\/\/verticaltechnik.ch\/it\/ch-mendrisio-skatepark-parkour-street-workout\/","title":{"rendered":"CH Mendrisio - Skatepark, Parkour &amp; Street Workout"},"content":{"rendered":"[vc_row type=&#8221;in_container&#8221; full_screen_row_position=&#8221;middle&#8221; column_margin=&#8221;default&#8221; column_direction=&#8221;default&#8221; column_direction_tablet=&#8221;default&#8221; column_direction_phone=&#8221;default&#8221; scene_position=&#8221;center&#8221; text_color=&#8221;dark&#8221; text_align=&#8221;left&#8221; row_border_radius=&#8221;none&#8221; row_border_radius_applies=&#8221;bg&#8221; overflow=&#8221;visible&#8221; overlay_strength=&#8221;0.3&#8243; gradient_direction=&#8221;left_to_right&#8221; shape_divider_position=&#8221;bottom&#8221; bg_image_animation=&#8221;none&#8221;][vc_column column_padding=&#8221;no-extra-padding&#8221; column_padding_tablet=&#8221;inherit&#8221; column_padding_phone=&#8221;inherit&#8221; column_padding_position=&#8221;all&#8221; column_element_direction_desktop=&#8221;default&#8221; column_element_spacing=&#8221;default&#8221; desktop_text_alignment=&#8221;default&#8221; tablet_text_alignment=&#8221;default&#8221; phone_text_alignment=&#8221;default&#8221; background_color_opacity=&#8221;1&#8243; background_hover_color_opacity=&#8221;1&#8243; column_backdrop_filter=&#8221;none&#8221; column_shadow=&#8221;none&#8221; column_border_radius=&#8221;none&#8221; column_link_target=&#8221;_self&#8221; column_position=&#8221;default&#8221; gradient_direction=&#8221;left_to_right&#8221; overlay_strength=&#8221;0.3&#8243; width=&#8221;1\/1&#8243; tablet_width_inherit=&#8221;default&#8221; animation_type=&#8221;default&#8221; bg_image_animation=&#8221;none&#8221; border_type=&#8221;simple&#8221; column_border_width=&#8221;none&#8221; column_border_style=&#8221;solid&#8221;][vc_column_text]\n<strong>Skatepark Mendrisio \u2013 Neuer Freizeitpark mit Parkour und Street Workout im Tessin<\/strong>\n<p>\nDie\u00a0<strong>Stadt Mendrisio<\/strong>\u00a0hat gemeinsam mit der\u00a0<strong>Vertical Technik AG<\/strong>\u00a0einen modernen \u00f6ffentlichen Freizeitbereich geschaffen: einen\u00a0<strong>Betonskatepark<\/strong>, eine\u00a0<strong>Parkour-Anlage<\/strong>\u00a0und ein\u00a0<strong>Street-Workout- Anlage<\/strong>. Das Projekt entstand in enger Zusammenarbeit mit Jugendlichen, Vereinen, der Bauverwaltung und dem Architekten\u00a0<strong>Mario Botta<\/strong>.\n<p>\nNach intensiven Workshops mit Jugendlichen und Vereinen, politischen Prozessen und der Erteilung der Baubewilligung startete der Bau 2024. Im Sommer 2025 konnte die Anlage fertiggestellt und \u00fcbergeben werden \u2013 ein Meilenstein f\u00fcr die Jugendkultur im Tessin.\n<p>\n<strong>Betonskatepark Mendrisio<\/strong>\n<p>\nDer neue Betonskatepark bietet vielf\u00e4ltige Elemente f\u00fcr alle Levels. Eine breite Minirampe schlie\u00dft direkt an den Street-Bereich an, in dem eine China Bank mit rotem Backsteinmuster steht, die beim \u00dcberfahren das typische \u201eRattern\u201c erzeugt. In den Ledges ist hochwertiger Granit verbaut, erg\u00e4nzt durch ein Rundrail, Banks und Transitions im modernen Flowpark-Stil. Eine zus\u00e4tzliche Extension erm\u00f6glicht es, Anlauf f\u00fcr Tricks zu holen.\n<p>\n<strong>Parkour-Anlage Mendrisio<\/strong>\n<p>\nDie Parkour-Anlage besteht aus robusten Betonelementen mit sandgestrahlten Oberfl\u00e4chen in verschiedenen H\u00f6hen. Metallstangen laden zum Schwingen und Hangeln ein, w\u00e4hrend kleine Mauern f\u00fcr pr\u00e4zise Landungen und schr\u00e4ge Ebenen f\u00fcr kraftvolle Abspr\u00fcnge genutzt werden k\u00f6nnen. Der gesamte Bereich ist mit einem Fallschutzbelag aus EPDM-Gummi ausgestattet. Ein besonderes Highlight ist die Human Flag Stange, die zus\u00e4tzlich auch f\u00fcr Pole Dance-\u00dcbungen genutzt werden kann.\n<p>\n<strong>Street-Workout-Anlage Mendrisio<\/strong>\n<p>\nDie moderne Street-Workout-Anlage besteht aus dem Set\u00a0<em>Arial Light<\/em>\u00a0und bietet Monkeybars, Highbars, eine Ladder sowie eine Human-Flag-Bar und zwei Push-up-Bars. Auch hier sorgt ein Fallschutzbelag aus EPDM-Gummi f\u00fcr sicheres Training. Damit wird die Anlage zum idealen Ort f\u00fcr Calisthenics, Krafttraining und Bodyweight-\u00dcbungen im Freien.\n<p>\n<strong>Offizielle Einweihung am 5. September 2025<\/strong>\n<p>\nDie neue Anlage im\u00a0<strong>Al Macello<\/strong>-Areal wird am\u00a0<strong>Freitag, 5. September<\/strong>\u00a0offiziell er\u00f6ffnet. Der Skatepark in Mendrisio wird damit zu einem zentralen Treffpunkt f\u00fcr Sport, Bewegung und Begegnung.\n<p>\n<strong>Programm Freitag, 5. September<\/strong>\n\n<ul class=\"wp-block-list\">\n<li><strong>Ore 18:00<\/strong> \u2013 Saluto da parte dei consiglieri comunali, taglio del nastro e inaugurazione con esibizioni di skate di <em>Mom\u00f2 Skateboarding<\/em><\/li>\n\n\n<li><strong>Ore 20:45<\/strong> \u2013 Anteprima del documentario RSI <em>\u00abSkate Borders \u2013 Storie di skater nella Svizzera italiana\u00bb<\/em><\/li>\n<p><\/p><\/ul>\n<p>\nBei schlechtem Wetter: Feier im\u00a0<strong>Al Macello<\/strong>, Filmvorf\u00fchrung im\u00a0<strong>Multisala Teatro, Via Vela 21<\/strong>.\n<p>\n<strong>Programm Samstag, 6. September<\/strong>\n\n<ul class=\"wp-block-list\">\n<li><strong>Ore 10:00<\/strong> \u2013 Corsi gratuiti per bambini della <em>Skateboarding Academy<\/em><\/li>\n\n\n<li><strong>Pomeriggio<\/strong> \u2013 Spettacoli di Parkour, Street Workout, Human Flag Pole Dance &amp; Skateboard-Contest (premi di <em>Vans<\/em>)<\/li>\n\n\n<li><strong>Street Food &amp; Musica<\/strong> \u2013 Stand gastronomici e attivit\u00e0 a tema per tutto il giorno<\/li>\n\n\n<li><strong>Ore 21:45<\/strong> \u2013 Concerto live di <em>Mattak<\/em>, uno dei rapper pi\u00f9 famosi della Svizzera italiana<\/li>\n<p><\/p><\/ul>\n<p>\n<strong>Ein einzigartiges Projekt f\u00fcr die Jugend im Tessin<\/strong>\n<p>\nDas Besondere am Skatepark Mendrisio: Hier wurde\u00a0<strong>Partizipation gro\u00dfgeschrieben<\/strong>. Jugendliche, Sozialarbeiter, die Stadtpolizei, Planer und Fachleute gestalteten das Projekt gemeinsam. So entstand eine Anlage, die\u00a0<strong>genau auf die Bed\u00fcrfnisse der neuen Generation zugeschnitten ist<\/strong>:\n\n<ul class=\"wp-block-list\">\n<li>uno <strong>skatepark<\/strong> per trick, grind e creativit\u00e0<\/li>\n\n\n<li>un <strong>impianto di parkour<\/strong> per movimento e acrobazie<\/li>\n\n\n<li>un&#8217;<strong>area street workout<\/strong> per allenamento di forza all&#8217;aperto<\/li>\n<p><\/p><\/ul>\n<p>\nDamit vereint Mendrisio als eine der ersten St\u00e4dte im Tessin drei moderne Sportarten in einem\u00a0<strong>zeitgem\u00e4\u00dfen und inklusiven Freizeitpark<\/strong>.\n<p>\n<strong>Geschichte des Areals \u201eex Macello\u201c<\/strong>\n<p>\nDas Areal war seit 2010 ein ungenutzter Ort im Wandel. Von 2013 bis 2020 diente es als Baustelle f\u00fcr das neue Notfallzentrum. Im Rahmen einer Jugendstudie entstand dann die Idee, hier einen\u00a0<strong>\u00f6ffentlichen Raum f\u00fcr Jugend- und Sportaktivit\u00e4ten<\/strong>\u00a0zu schaffen.\n<p>\nErste Kontaktaufnahme im Jahr\u00a0<strong>2018<\/strong>, viele Sitzungen und Entw\u00fcrfe, Fertigstellung der Planungsphase 2024, 10 Monate Bauzeit wurde aus einem \u201eNicht-Ort\u201c nun ein\u00a0<strong>lebendiger Treffpunkt f\u00fcr Sport, Kultur und Gemeinschaft<\/strong>.\n<p>\n<strong>Dank an die Partner<\/strong>\n<p>\nDie\u00a0<strong>Vertical Technik AG<\/strong>\u00a0bedankt sich herzlich bei der\u00a0<strong>Stadt Mendrisio<\/strong>\u00a0f\u00fcr das Vertrauen sowie bei:\n\n<ul class=\"wp-block-list\">\n<li>l&#8217;architetto <strong>Tommaso Botta e suo padre Mario Botta<\/strong><\/li>\n\n\n<li><strong>Andrea Magni<\/strong> dello studio di ingegneria Brenni<\/li>\n\n\n<li>l&#8217;ufficio tecnico comunale, rappresentato da <strong>Mitka Fontana<\/strong> e <strong>Martin Muntaner<\/strong><\/li>\n<p><\/p><\/ul>\n<p>\n<strong>Fazit<\/strong>\n<p>\nDer neue\u00a0<strong>Skatepark in Mendrisio<\/strong>\u00a0ist mehr als nur eine Sportanlage \u2013 er ist ein Ort der Begegnung, Bewegung und Gemeinschaft. Mit\u00a0<strong>Skateboarding, Parkour und Street Workout<\/strong>\u00a0vereint er drei boomende Sportarten in einer modernen, inklusiven Anlage.\n<p>\nWir w\u00fcnschen allen Besucherinnen und Besuchern viel Freude mit diesem einzigartigen Freizeitpark im Herzen von Mendrisio.\n<p>\n\u201eVon der ersten Idee 2018 bis zur Fertigstellung 2025: Aus einem einstigen \u201aNicht-Ort\u2018 entstand in Mendrisio ein lebendiger Treffpunkt f\u00fcr Sport und Gemeinschaft.\u201c\n<p>\n<strong>Standort:<\/strong>\n<p>\n<strong>Adresse:<\/strong>\u00a0Via Franco Zorzi, CH-6850 Mendrisio\n<p>\nGoogle Maps: 45\u00b052&#8217;19.3&#8243;N 8\u00b058&#8217;58.6&#8243;E\n<p>\n<iframe loading=\"lazy\" style=\"border: 0;\" src=\"https:\/\/www.google.com\/maps\/embed?pb=!1m17!1m12!1m3!1d18688.29825963041!2d8.964468390513597!3d45.87066622261052!2m3!1f0!2f0!3f0!3m2!1i1024!2i768!4f13.1!3m2!1m1!2zNDXCsDUyJzE5LjMiTiA4wrA1OCc1OC42IkU!5e0!3m2!1sde!2sch!4v1756731223120!5m2!1sde!2sch\" width=\"600\" height=\"450\" allowfullscreen=\"allowfullscreen\"><\/iframe>\n<p><!-- \/wp:post-content -->[vc_gallery css=&#8221;&#8221; type=&#8221;image_grid&#8221; images=&#8221;45566,45528,45533,45531,45525,45556,45536,45539,45547,45555,45550&#8243; image_grid_loading=&#8221;default&#8221; layout=&#8221;4&#8243; item_spacing=&#8221;default&#8221; gallery_style=&#8221;7&#8243; load_in_animation=&#8221;none&#8221;]\n<p><!-- wp:paragraph -->&nbsp;<\/p>\n<p><!-- \/wp:paragraph -->[\/vc_column_text][vc_gallery css=&#8221;&#8221; type=&#8221;image_grid&#8221; images=&#8221;50763,45556,45555,45550,45547,45539,45536,45533,45525,45531,45528&#8243; image_grid_loading=&#8221;default&#8221; layout=&#8221;4&#8243; item_spacing=&#8221;default&#8221; gallery_style=&#8221;7&#8243; load_in_animation=&#8221;none&#8221;][\/vc_column][\/vc_row]\n","protected":false},"excerpt":{"rendered":"<p>[vc_row type=&#8221;in_container&#8221; full_screen_row_position=&#8221;middle&#8221; column_margin=&#8221;default&#8221; column_direction=&#8221;default&#8221; column_direction_tablet=&#8221;default&#8221; column_direction_phone=&#8221;default&#8221; scene_position=&#8221;center&#8221; text_color=&#8221;dark&#8221; text_align=&#8221;left&#8221; row_border_radius=&#8221;none&#8221; row_border_radius_applies=&#8221;bg&#8221; overflow=&#8221;visible&#8221; overlay_strength=&#8221;0.3&#8243; gradient_direction=&#8221;left_to_right&#8221; shape_divider_position=&#8221;bottom&#8221; bg_image_animation=&#8221;none&#8221;][vc_column column_padding=&#8221;no-extra-padding&#8221; column_padding_tablet=&#8221;inherit&#8221; column_padding_phone=&#8221;inherit&#8221; column_padding_position=&#8221;all&#8221; column_element_direction_desktop=&#8221;default&#8221; column_element_spacing=&#8221;default&#8221; desktop_text_alignment=&#8221;default&#8221; tablet_text_alignment=&#8221;default&#8221; phone_text_alignment=&#8221;default&#8221; background_color_opacity=&#8221;1&#8243; background_hover_color_opacity=&#8221;1&#8243; column_backdrop_filter=&#8221;none&#8221; column_shadow=&#8221;none&#8221;&#8230;<\/p>\n","protected":false},"author":1,"featured_media":45561,"comment_status":"open","ping_status":"open","sticky":false,"template":"","format":"gallery","meta":{"footnotes":""},"categories":[10979,10845,10974,10847,10787,10865,10852,10938,10846],"tags":[],"jahr":[11068],"kanton":[11153],"land":[11168],"anlagentyp":[11204,11056,11207],"class_list":{"0":"post-50762","1":"post","2":"type-post","3":"status-publish","4":"format-gallery","5":"has-post-thumbnail","7":"category-2025-it","8":"category-cronologia","9":"category-strutture-per-il-parkour","10":"category-paese","11":"category-parchi-per-skate-in-cemento","12":"category-street-workout-it","13":"category-svizzera","14":"category-ti-it","15":"category-tipo-di-impianto","16":"post_format-post-format-gallery","17":"jahr-2025-it","18":"kanton-ti-it","19":"land-schweiz-it","20":"anlagentyp-parkouranlagen-it","21":"anlagentyp-beton-skateparks","22":"anlagentyp-streetworkout-it"},"_links":{"self":[{"href":"https:\/\/verticaltechnik.ch\/it\/wp-json\/wp\/v2\/posts\/50762","targetHints":{"allow":["GET"]}}],"collection":[{"href":"https:\/\/verticaltechnik.ch\/it\/wp-json\/wp\/v2\/posts"}],"about":[{"href":"https:\/\/verticaltechnik.ch\/it\/wp-json\/wp\/v2\/types\/post"}],"author":[{"embeddable":true,"href":"https:\/\/verticaltechnik.ch\/it\/wp-json\/wp\/v2\/users\/1"}],"replies":[{"embeddable":true,"href":"https:\/\/verticaltechnik.ch\/it\/wp-json\/wp\/v2\/comments?post=50762"}],"version-history":[{"count":0,"href":"https:\/\/verticaltechnik.ch\/it\/wp-json\/wp\/v2\/posts\/50762\/revisions"}],"wp:featuredmedia":[{"embeddable":true,"href":"https:\/\/verticaltechnik.ch\/it\/wp-json\/wp\/v2\/media\/45561"}],"wp:attachment":[{"href":"https:\/\/verticaltechnik.ch\/it\/wp-json\/wp\/v2\/media?parent=50762"}],"wp:term":[{"taxonomy":"category","embeddable":true,"href":"https:\/\/verticaltechnik.ch\/it\/wp-json\/wp\/v2\/categories?post=50762"},{"taxonomy":"post_tag","embeddable":true,"href":"https:\/\/verticaltechnik.ch\/it\/wp-json\/wp\/v2\/tags?post=50762"},{"taxonomy":"jahr","embeddable":true,"href":"https:\/\/verticaltechnik.ch\/it\/wp-json\/wp\/v2\/jahr?post=50762"},{"taxonomy":"kanton","embeddable":true,"href":"https:\/\/verticaltechnik.ch\/it\/wp-json\/wp\/v2\/kanton?post=50762"},{"taxonomy":"land","embeddable":true,"href":"https:\/\/verticaltechnik.ch\/it\/wp-json\/wp\/v2\/land?post=50762"},{"taxonomy":"anlagentyp","embeddable":true,"href":"https:\/\/verticaltechnik.ch\/it\/wp-json\/wp\/v2\/anlagentyp?post=50762"}],"curies":[{"name":"wp","href":"https:\/\/api.w.org\/{rel}","templated":true}]}}