{"id":52368,"date":"2025-11-28T13:23:46","date_gmt":"2025-11-28T13:23:46","guid":{"rendered":"https:\/\/newvt.verticaltechnik.ch\/ch-friburgo-nuova-linfa-per-la-scena-skate-di-friburgo-lo-skatepark-beauregard-risplende-di-nuova-luce\/"},"modified":"2026-01-15T10:49:22","modified_gmt":"2026-01-15T10:49:22","slug":"ch-friburgo-nuova-linfa-per-la-scena-skate-di-friburgo-lo-skatepark-beauregard-risplende-di-nuova-luce","status":"publish","type":"post","link":"https:\/\/verticaltechnik.ch\/it\/ch-friburgo-nuova-linfa-per-la-scena-skate-di-friburgo-lo-skatepark-beauregard-risplende-di-nuova-luce\/","title":{"rendered":"CH Friburgo - Nuova linfa per la scena skate di Friburgo: lo Skatepark Beauregard risplende di nuova luce"},"content":{"rendered":"[vc_row type=&#8221;in_container&#8221; full_screen_row_position=&#8221;middle&#8221; column_margin=&#8221;default&#8221; column_direction=&#8221;default&#8221; column_direction_tablet=&#8221;default&#8221; column_direction_phone=&#8221;default&#8221; scene_position=&#8221;center&#8221; text_color=&#8221;dark&#8221; text_align=&#8221;left&#8221; row_border_radius=&#8221;none&#8221; row_border_radius_applies=&#8221;bg&#8221; overflow=&#8221;visible&#8221; overlay_strength=&#8221;0.3&#8243; gradient_direction=&#8221;left_to_right&#8221; shape_divider_position=&#8221;bottom&#8221; bg_image_animation=&#8221;none&#8221;][vc_column column_padding=&#8221;no-extra-padding&#8221; column_padding_tablet=&#8221;inherit&#8221; column_padding_phone=&#8221;inherit&#8221; column_padding_position=&#8221;all&#8221; column_element_direction_desktop=&#8221;default&#8221; column_element_spacing=&#8221;default&#8221; desktop_text_alignment=&#8221;default&#8221; tablet_text_alignment=&#8221;default&#8221; phone_text_alignment=&#8221;default&#8221; background_color_opacity=&#8221;1&#8243; background_hover_color_opacity=&#8221;1&#8243; column_backdrop_filter=&#8221;none&#8221; column_shadow=&#8221;none&#8221; column_border_radius=&#8221;none&#8221; column_link_target=&#8221;_self&#8221; column_position=&#8221;default&#8221; gradient_direction=&#8221;left_to_right&#8221; overlay_strength=&#8221;0.3&#8243; width=&#8221;1\/1&#8243; tablet_width_inherit=&#8221;default&#8221; animation_type=&#8221;default&#8221; bg_image_animation=&#8221;none&#8221; border_type=&#8221;simple&#8221; column_border_width=&#8221;none&#8221; column_border_style=&#8221;solid&#8221;][vc_column_text css=&#8221;&#8221; text_direction=&#8221;default&#8221;]\n<h4 data-start=\"249\" data-end=\"343\"><b><strong data-start=\"252\" data-end=\"343\">Skatepark Beauregard a Friburgo: un rinnovamento completo per la scena skate locale<\/strong><\/b><\/h4>\n<p style=\"font-weight: 400;\" data-start=\"345\" data-end=\"476\"><b><strong data-start=\"345\" data-end=\"476\">Un progetto faro della Vertical Technik AG in collaborazione con l&#8217;associazione Public Domain e la comunit\u00e0 skate di Friburgo<\/strong><\/b><\/p>\n<p style=\"font-weight: 400;\" data-start=\"478\" data-end=\"884\">Lo <b><strong data-start=\"482\" data-end=\"529\">Skatepark Beauregard di Friburgo<\/strong><\/b> \u00e8 stato completamente rinnovato e si presenta oggi come uno dei pi\u00f9 moderni <b><strong data-start=\"609\" data-end=\"629\">skatepark in cemento<\/strong><\/b> della Svizzera.<br data-start=\"642\" data-end=\"645\">La <b><strong data-start=\"649\" data-end=\"672\">Vertical Technik AG<\/strong><\/b>, specialista nella progettazione e costruzione di <b><strong data-start=\"719\" data-end=\"733\">skatepark<\/strong><\/b>, <b><strong data-start=\"735\" data-end=\"752\">parkour park<\/strong><\/b> e <b><strong data-start=\"757\" data-end=\"783\">strutture per street workout<\/strong><\/b>, ha realizzato il progetto insieme all&#8217;associazione <b><strong data-start=\"834\" data-end=\"851\">Public Domain<\/strong><\/b> e alla comunit\u00e0 skate locale.<\/p>\n<h4 data-start=\"886\" data-end=\"946\">Pianificazione partecipativa: uno skatepark per i suoi utenti<\/h4>\n<p style=\"font-weight: 400;\" data-start=\"947\" data-end=\"1296\">Fin dall&#8217;inizio, il team di progetto ha puntato su un approccio partecipativo.<br data-start=\"1022\" data-end=\"1025\">Attraverso workshop con skater locali, idee e desideri sono stati integrati direttamente nella progettazione.<br data-start=\"1139\" data-end=\"1142\">Il risultato \u00e8 uno skatepark ottimizzato per lo <b><strong data-start=\"1194\" data-end=\"1211\">skateboarding<\/strong><\/b> moderno, che convince per linee fluide, sicurezza ed elevato comfort di guida.<\/p>\n<h4 data-start=\"1303\" data-end=\"1377\"><b><strong data-start=\"1306\" data-end=\"1377\">Design moderno in cemento: carattere urbano per il quartiere Beauregard<\/strong><\/b><\/h4>\n<p style=\"font-weight: 400;\" data-start=\"1379\" data-end=\"1520\">Il parco ridisegnato combina un design urbano contemporaneo con <b><strong data-start=\"1448\" data-end=\"1479\">elementi in cemento di alta qualit\u00e0<\/strong><\/b>.<br data-start=\"1480\" data-end=\"1483\">Le principali novit\u00e0 includono:<\/p>\n<p style=\"font-weight: 400;\" data-start=\"1379\" data-end=\"1520\">- un <em data-start=\"1529\" data-end=\"1538\">quarter<\/em> con diversi hip<\/p>\n<p style=\"font-weight: 400;\" data-start=\"1379\" data-end=\"1520\">- una <em data-start=\"1588\" data-end=\"1598\">piramide<\/em> versatile<\/p>\n<p style=\"font-weight: 400;\" data-start=\"1379\" data-end=\"1520\">- linee fluide per principianti ed esperti<\/p>\n<p style=\"font-weight: 400;\" data-start=\"1658\" data-end=\"1843\">Tutti i componenti in cemento sono stati realizzati dalla <b><strong data-start=\"1692\" data-end=\"1715\">Vertical Technik AG<\/strong><\/b> e installati in loco, con transizioni precise, linee di guida ottimali e standard di sicurezza conformi alla norma <b><strong data-start=\"1830\" data-end=\"1842\">EN 14974<\/strong><\/b>.<\/p>\n<h4 data-start=\"1850\" data-end=\"1919\"><b><strong data-start=\"1853\" data-end=\"1919\">Un vivace punto d&#8217;incontro per bambini, giovani e famiglie<\/strong><\/b><\/h4>\n<p style=\"font-weight: 400;\" data-start=\"1921\" data-end=\"2209\">L&#8217;iniziativa per il rinnovamento \u00e8 partita dall&#8217;associazione <b><strong data-start=\"1969\" data-end=\"1986\">Public Domain<\/strong><\/b>, il cui presidente Fr\u00e9d\u00e9ric Nell sostiene attivamente la scena skate di Friburgo da anni.<br data-start=\"2080\" data-end=\"2083\">&#8220;Volevamo creare un parco che motivasse i giovani a risalire sulla tavola dopo l&#8217;inverno&#8221;, spiega Nell.<\/p>\n<p style=\"font-weight: 400;\" data-start=\"2211\" data-end=\"2275\">Oggi lo Skatepark Beauregard \u00e8 un punto d&#8217;incontro popolare per:<\/p>\n<p style=\"font-weight: 400;\" data-start=\"2211\" data-end=\"2275\">- bambini e giovani<\/p>\n<p style=\"font-weight: 400;\" data-start=\"2211\" data-end=\"2275\">- famiglie<\/p>\n<p style=\"font-weight: 400;\" data-start=\"2211\" data-end=\"2275\">- skater di tutti i livelli<\/p>\n<p style=\"font-weight: 400;\" data-start=\"2358\" data-end=\"2461\">Il parco rafforza la scena skate regionale e promuove il movimento, l&#8217;incontro e uno stile di vita attivo.<\/p>\n<h4 data-start=\"2468\" data-end=\"2511\"><b><strong data-start=\"2471\" data-end=\"2511\">Uno spazio sociale creativo per tutti<\/strong><\/b><\/h4>\n<p style=\"font-weight: 400;\" data-start=\"2513\" data-end=\"2681\">Lo skatepark \u00e8 molto pi\u00f9 di una semplice area di allenamento.<br data-start=\"2570\" data-end=\"2573\">Grazie al suo layout aperto e alla posizione centrale nel quartiere Beauregard, offre le condizioni ideali per:<\/p>\n<p style=\"font-weight: 400;\" data-start=\"2513\" data-end=\"2681\">- sessioni di skate spontanee<\/p>\n<p style=\"font-weight: 400;\" data-start=\"2513\" data-end=\"2681\">- piccoli eventi<\/p>\n<p style=\"font-weight: 400;\" data-start=\"2513\" data-end=\"2681\">- incontri tra generazioni<\/p>\n<p style=\"font-weight: 400;\" data-start=\"2513\" data-end=\"2681\">- l&#8217;avvio allo skateboarding e agli sport urbani<\/p>\n<p style=\"font-weight: 400;\" data-start=\"2819\" data-end=\"2941\">Il parco promuove la creativit\u00e0, l&#8217;integrazione e la libert\u00e0 di movimento, valori fondamentali per gli sport urbani moderni.<\/p>\n<h4 data-start=\"2948\" data-end=\"2983\"><b><strong data-start=\"2951\" data-end=\"2983\">Informazioni su Vertical Technik AG<\/strong><\/b><\/h4>\n<p style=\"font-weight: 400;\" data-start=\"2985\" data-end=\"3111\">La <b><strong data-start=\"2989\" data-end=\"3012\">Vertical Technik AG<\/strong><\/b>, con sede a <b><strong data-start=\"3025\" data-end=\"3050\">Frenkendorf (Svizzera)<\/strong><\/b>, \u00e8 da oltre 30 anni uno dei principali fornitori nella costruzione di:<\/p>\n<p style=\"font-weight: 400;\" data-start=\"2985\" data-end=\"3111\">- skatepark in cemento<\/p>\n<p style=\"font-weight: 400;\" data-start=\"2985\" data-end=\"3111\">- impianti di parkour<\/p>\n<p style=\"font-weight: 400;\" data-start=\"2985\" data-end=\"3111\">- parchi per street workout<\/p>\n<p style=\"font-weight: 400;\" data-start=\"3192\" data-end=\"3360\">Con progetti in tutta la Svizzera e all&#8217;estero, l&#8217;azienda \u00e8 sinonimo di alta qualit\u00e0, costruzione duratura e stretta collaborazione con le comunit\u00e0 di utenti.<\/p>\n<p style=\"font-weight: 400;\" data-start=\"3362\" data-end=\"3439\"><b><strong data-start=\"3365\" data-end=\"3385\">Sede del progetto:<\/strong><\/b> Skatepark Friburgo, Chem. Mons\u00e9jour 16, 1700 Friburgo <\/p>\n[\/vc_column_text][vc_gallery css=&#8221;&#8221; type=&#8221;image_grid&#8221; images=&#8221;52389,52393,52397,52401&#8243; image_grid_loading=&#8221;default&#8221; layout=&#8221;4&#8243; item_spacing=&#8221;default&#8221; gallery_style=&#8221;7&#8243; load_in_animation=&#8221;none&#8221;][\/vc_column][\/vc_row]\n","protected":false},"excerpt":{"rendered":"<p>[vc_row type=&#8221;in_container&#8221; full_screen_row_position=&#8221;middle&#8221; column_margin=&#8221;default&#8221; column_direction=&#8221;default&#8221; column_direction_tablet=&#8221;default&#8221; column_direction_phone=&#8221;default&#8221; scene_position=&#8221;center&#8221; text_color=&#8221;dark&#8221; text_align=&#8221;left&#8221; row_border_radius=&#8221;none&#8221; row_border_radius_applies=&#8221;bg&#8221; overflow=&#8221;visible&#8221; overlay_strength=&#8221;0.3&#8243; gradient_direction=&#8221;left_to_right&#8221; shape_divider_position=&#8221;bottom&#8221; bg_image_animation=&#8221;none&#8221;][vc_column column_padding=&#8221;no-extra-padding&#8221; column_padding_tablet=&#8221;inherit&#8221; column_padding_phone=&#8221;inherit&#8221; column_padding_position=&#8221;all&#8221; column_element_direction_desktop=&#8221;default&#8221; column_element_spacing=&#8221;default&#8221; desktop_text_alignment=&#8221;default&#8221; tablet_text_alignment=&#8221;default&#8221; phone_text_alignment=&#8221;default&#8221; background_color_opacity=&#8221;1&#8243; background_hover_color_opacity=&#8221;1&#8243; column_backdrop_filter=&#8221;none&#8221; column_shadow=&#8221;none&#8221;&#8230;<\/p>\n","protected":false},"author":1,"featured_media":52406,"comment_status":"open","ping_status":"open","sticky":false,"template":"","format":"gallery","meta":{"footnotes":""},"categories":[10979,10845,10920,10847,10787,10852,10846],"tags":[],"jahr":[11068],"kanton":[11126],"land":[11168],"anlagentyp":[11056],"class_list":{"0":"post-52368","1":"post","2":"type-post","3":"status-publish","4":"format-gallery","5":"has-post-thumbnail","7":"category-2025-it","8":"category-cronologia","9":"category-fr-it","10":"category-paese","11":"category-parchi-per-skate-in-cemento","12":"category-svizzera","13":"category-tipo-di-impianto","14":"post_format-post-format-gallery","15":"jahr-2025-it","16":"kanton-fr-it","17":"land-schweiz-it","18":"anlagentyp-beton-skateparks"},"_links":{"self":[{"href":"https:\/\/verticaltechnik.ch\/it\/wp-json\/wp\/v2\/posts\/52368","targetHints":{"allow":["GET"]}}],"collection":[{"href":"https:\/\/verticaltechnik.ch\/it\/wp-json\/wp\/v2\/posts"}],"about":[{"href":"https:\/\/verticaltechnik.ch\/it\/wp-json\/wp\/v2\/types\/post"}],"author":[{"embeddable":true,"href":"https:\/\/verticaltechnik.ch\/it\/wp-json\/wp\/v2\/users\/1"}],"replies":[{"embeddable":true,"href":"https:\/\/verticaltechnik.ch\/it\/wp-json\/wp\/v2\/comments?post=52368"}],"version-history":[{"count":0,"href":"https:\/\/verticaltechnik.ch\/it\/wp-json\/wp\/v2\/posts\/52368\/revisions"}],"wp:featuredmedia":[{"embeddable":true,"href":"https:\/\/verticaltechnik.ch\/it\/wp-json\/wp\/v2\/media\/52406"}],"wp:attachment":[{"href":"https:\/\/verticaltechnik.ch\/it\/wp-json\/wp\/v2\/media?parent=52368"}],"wp:term":[{"taxonomy":"category","embeddable":true,"href":"https:\/\/verticaltechnik.ch\/it\/wp-json\/wp\/v2\/categories?post=52368"},{"taxonomy":"post_tag","embeddable":true,"href":"https:\/\/verticaltechnik.ch\/it\/wp-json\/wp\/v2\/tags?post=52368"},{"taxonomy":"jahr","embeddable":true,"href":"https:\/\/verticaltechnik.ch\/it\/wp-json\/wp\/v2\/jahr?post=52368"},{"taxonomy":"kanton","embeddable":true,"href":"https:\/\/verticaltechnik.ch\/it\/wp-json\/wp\/v2\/kanton?post=52368"},{"taxonomy":"land","embeddable":true,"href":"https:\/\/verticaltechnik.ch\/it\/wp-json\/wp\/v2\/land?post=52368"},{"taxonomy":"anlagentyp","embeddable":true,"href":"https:\/\/verticaltechnik.ch\/it\/wp-json\/wp\/v2\/anlagentyp?post=52368"}],"curies":[{"name":"wp","href":"https:\/\/api.w.org\/{rel}","templated":true}]}}