{"id":52457,"date":"2025-12-01T13:23:46","date_gmt":"2025-12-01T13:23:46","guid":{"rendered":"https:\/\/newvt.verticaltechnik.ch\/ch-uster-nuovo-skatepark-di-vertical\/"},"modified":"2026-01-15T10:49:38","modified_gmt":"2026-01-15T10:49:38","slug":"ch-uster-nuovo-skatepark-di-vertical","status":"publish","type":"post","link":"https:\/\/verticaltechnik.ch\/it\/ch-uster-nuovo-skatepark-di-vertical\/","title":{"rendered":"CH Uster \u2013 nuovo skatepark di Vertical"},"content":{"rendered":"[vc_row type=&#8221;in_container&#8221; full_screen_row_position=&#8221;middle&#8221; column_margin=&#8221;default&#8221; column_direction=&#8221;default&#8221; column_direction_tablet=&#8221;default&#8221; column_direction_phone=&#8221;default&#8221; scene_position=&#8221;center&#8221; text_color=&#8221;dark&#8221; text_align=&#8221;left&#8221; row_border_radius=&#8221;none&#8221; row_border_radius_applies=&#8221;bg&#8221; overflow=&#8221;visible&#8221; overlay_strength=&#8221;0.3&#8243; gradient_direction=&#8221;left_to_right&#8221; shape_divider_position=&#8221;bottom&#8221; bg_image_animation=&#8221;none&#8221;][vc_column column_padding=&#8221;no-extra-padding&#8221; column_padding_tablet=&#8221;inherit&#8221; column_padding_phone=&#8221;inherit&#8221; column_padding_position=&#8221;all&#8221; column_element_direction_desktop=&#8221;default&#8221; column_element_spacing=&#8221;default&#8221; desktop_text_alignment=&#8221;default&#8221; tablet_text_alignment=&#8221;default&#8221; phone_text_alignment=&#8221;default&#8221; background_color_opacity=&#8221;1&#8243; background_hover_color_opacity=&#8221;1&#8243; column_backdrop_filter=&#8221;none&#8221; column_shadow=&#8221;none&#8221; column_border_radius=&#8221;none&#8221; column_link_target=&#8221;_self&#8221; column_position=&#8221;default&#8221; gradient_direction=&#8221;left_to_right&#8221; overlay_strength=&#8221;0.3&#8243; width=&#8221;1\/1&#8243; tablet_width_inherit=&#8221;default&#8221; animation_type=&#8221;default&#8221; bg_image_animation=&#8221;none&#8221; border_type=&#8221;simple&#8221; column_border_width=&#8221;none&#8221; column_border_style=&#8221;solid&#8221;][vc_column_text css=&#8221;&#8221; text_direction=&#8221;default&#8221;]\n<p style=\"font-weight: 400;\"><span style=\"font-weight: 400;\">Nell&#8217;autunno del 2024 \u00e8 stato completato a Uster ZH un importante progetto sportivo e ricreativo: lo skatepark esistente presso l&#8217;impianto sportivo Buchholz \u00e8 stato completamente riprogettato e ampliato con un pumptrack installato in modo permanente, lungo 141 metri. Il risultato \u00e8 un moderno impianto di movimento che entusiasma skateboarder, piloti di BMX e scooteristi. <\/span><\/p>\n<p style=\"font-weight: 400;\"><span style=\"font-weight: 400;\">Lo skatepark convince grazie a una variet\u00e0 di elementi street come mini ramp, down ledge, down rail, flatrail e altri ledge, che consentono linee di allenamento e competizione diversificate. Tutti i ledge sono dotati di granito di alta qualit\u00e0, garantendo cos\u00ec propriet\u00e0 di scorrimento ottimali, proprio come ci si aspetta dai moduli di Vertical Technik. L&#8217;impianto \u00e8 completato da rail per scale di diverse altezze e angolazioni, che sfidano ed entusiasmano sia i principianti che i professionisti.  <\/span><\/p>\n<p style=\"font-weight: 400;\"><span style=\"font-weight: 400;\">Vertical Technik AG \u00e8 stata responsabile della costruzione dello skatepark. I nostri specialisti si sono occupati della fornitura, del montaggio e della completa realizzazione in loco. Inoltre, eseguiamo l&#8217;ispezione e la manutenzione dell&#8217;impianto due volte all&#8217;anno per garantire la sicurezza e la longevit\u00e0 dell&#8217;infrastruttura sportiva.  <\/span><\/p>\n<p style=\"font-weight: 400;\"><span style=\"font-weight: 400;\">Va notato che la mini ramp non proviene da Vertical, ma da un&#8217;altra azienda. Vertical Technik AG non si assume alcuna responsabilit\u00e0 per la qualit\u00e0 di questo impianto. <\/span><\/p>\n<p style=\"font-weight: 400;\"><span style=\"font-weight: 400;\">L&#8217;inaugurazione ufficiale del 27 ottobre 2024 \u00e8 stata un successo: con programmi di spettacolo, test drive e numerosi visitatori, l&#8217;impianto \u00e8 diventato un nuovo punto d&#8217;incontro per il movimento, lo sport e la comunit\u00e0.<\/span><\/p>\n<p style=\"font-weight: 400;\"><span style=\"font-weight: 400;\">Un ringraziamento speciale va alla citt\u00e0 di Uster e allo studio di progettazione del paesaggio Plangruen.ch, che ci hanno dato fiducia per la realizzazione di questo progetto. Siamo orgogliosi di aver contribuito alla realizzazione di questo innovativo skatepark &amp; pumptrack come parte di una promozione sportiva sostenibile a Uster. <\/span><\/p>\n<p style=\"font-weight: 400;\"><span style=\"font-weight: 400;\">Comuni, citt\u00e0 e uffici di progettazione che desiderano costruire uno skatepark o realizzare un pumptrack per la loro popolazione, beneficiano della nostra pluriennale esperienza nella progettazione, realizzazione e manutenzione di skatepark, street workout e parkour in tutta la Svizzera.<\/span><\/p>\n<p style=\"font-weight: 400;\"><span style=\"font-weight: 400;\">Posizione: S\u00fcdstrasse 5, 8610 Uster<\/span><\/p>\n[\/vc_column_text][vc_gallery css=&#8221;&#8221; type=&#8221;image_grid&#8221; images=&#8221;52435,52439,52443,52447,52451,52455&#8243; image_grid_loading=&#8221;default&#8221; layout=&#8221;4&#8243; item_spacing=&#8221;default&#8221; gallery_style=&#8221;7&#8243; load_in_animation=&#8221;none&#8221;][\/vc_column][\/vc_row]\n","protected":false},"excerpt":{"rendered":"<p>[vc_row type=&#8221;in_container&#8221; full_screen_row_position=&#8221;middle&#8221; column_margin=&#8221;default&#8221; column_direction=&#8221;default&#8221; column_direction_tablet=&#8221;default&#8221; column_direction_phone=&#8221;default&#8221; scene_position=&#8221;center&#8221; text_color=&#8221;dark&#8221; text_align=&#8221;left&#8221; row_border_radius=&#8221;none&#8221; row_border_radius_applies=&#8221;bg&#8221; overflow=&#8221;visible&#8221; overlay_strength=&#8221;0.3&#8243; gradient_direction=&#8221;left_to_right&#8221; shape_divider_position=&#8221;bottom&#8221; bg_image_animation=&#8221;none&#8221;][vc_column column_padding=&#8221;no-extra-padding&#8221; column_padding_tablet=&#8221;inherit&#8221; column_padding_phone=&#8221;inherit&#8221; column_padding_position=&#8221;all&#8221; column_element_direction_desktop=&#8221;default&#8221; column_element_spacing=&#8221;default&#8221; desktop_text_alignment=&#8221;default&#8221; tablet_text_alignment=&#8221;default&#8221; phone_text_alignment=&#8221;default&#8221; background_color_opacity=&#8221;1&#8243; background_hover_color_opacity=&#8221;1&#8243; column_backdrop_filter=&#8221;none&#8221; column_shadow=&#8221;none&#8221;&#8230;<\/p>\n","protected":false},"author":1,"featured_media":52469,"comment_status":"open","ping_status":"open","sticky":false,"template":"","format":"gallery","meta":{"footnotes":""},"categories":[10979,10845,10847,10851,10852,10846,10913],"tags":[],"jahr":[11068],"kanton":[11165],"land":[11168],"anlagentyp":[11201],"class_list":{"0":"post-52457","1":"post","2":"type-post","3":"status-publish","4":"format-gallery","5":"has-post-thumbnail","7":"category-2025-it","8":"category-cronologia","9":"category-paese","10":"category-parchi-skate-mobili","11":"category-svizzera","12":"category-tipo-di-impianto","13":"category-zh-it","14":"post_format-post-format-gallery","15":"jahr-2025-it","16":"kanton-zh-it","17":"land-schweiz-it","18":"anlagentyp-mobile-skateanlagen-it"},"_links":{"self":[{"href":"https:\/\/verticaltechnik.ch\/it\/wp-json\/wp\/v2\/posts\/52457","targetHints":{"allow":["GET"]}}],"collection":[{"href":"https:\/\/verticaltechnik.ch\/it\/wp-json\/wp\/v2\/posts"}],"about":[{"href":"https:\/\/verticaltechnik.ch\/it\/wp-json\/wp\/v2\/types\/post"}],"author":[{"embeddable":true,"href":"https:\/\/verticaltechnik.ch\/it\/wp-json\/wp\/v2\/users\/1"}],"replies":[{"embeddable":true,"href":"https:\/\/verticaltechnik.ch\/it\/wp-json\/wp\/v2\/comments?post=52457"}],"version-history":[{"count":0,"href":"https:\/\/verticaltechnik.ch\/it\/wp-json\/wp\/v2\/posts\/52457\/revisions"}],"wp:featuredmedia":[{"embeddable":true,"href":"https:\/\/verticaltechnik.ch\/it\/wp-json\/wp\/v2\/media\/52469"}],"wp:attachment":[{"href":"https:\/\/verticaltechnik.ch\/it\/wp-json\/wp\/v2\/media?parent=52457"}],"wp:term":[{"taxonomy":"category","embeddable":true,"href":"https:\/\/verticaltechnik.ch\/it\/wp-json\/wp\/v2\/categories?post=52457"},{"taxonomy":"post_tag","embeddable":true,"href":"https:\/\/verticaltechnik.ch\/it\/wp-json\/wp\/v2\/tags?post=52457"},{"taxonomy":"jahr","embeddable":true,"href":"https:\/\/verticaltechnik.ch\/it\/wp-json\/wp\/v2\/jahr?post=52457"},{"taxonomy":"kanton","embeddable":true,"href":"https:\/\/verticaltechnik.ch\/it\/wp-json\/wp\/v2\/kanton?post=52457"},{"taxonomy":"land","embeddable":true,"href":"https:\/\/verticaltechnik.ch\/it\/wp-json\/wp\/v2\/land?post=52457"},{"taxonomy":"anlagentyp","embeddable":true,"href":"https:\/\/verticaltechnik.ch\/it\/wp-json\/wp\/v2\/anlagentyp?post=52457"}],"curies":[{"name":"wp","href":"https:\/\/api.w.org\/{rel}","templated":true}]}}