{"id":52489,"date":"2025-12-01T13:23:46","date_gmt":"2025-12-01T13:23:46","guid":{"rendered":"https:\/\/newvt.verticaltechnik.ch\/ch-zurigo-dallo-studio-radiofonico-alla-moderna-scuola-con-cubo-da-arrampicata-e-impianto-per-parkour\/"},"modified":"2026-01-15T10:46:32","modified_gmt":"2026-01-15T10:46:32","slug":"ch-zurigo-dallo-studio-radiofonico-alla-moderna-scuola-con-cubo-da-arrampicata-e-impianto-per-parkour","status":"publish","type":"post","link":"https:\/\/verticaltechnik.ch\/it\/ch-zurigo-dallo-studio-radiofonico-alla-moderna-scuola-con-cubo-da-arrampicata-e-impianto-per-parkour\/","title":{"rendered":"CH Zurigo - Dallo studio radiofonico a una moderna scuola con cubo da arrampicata e impianto di parkour"},"content":{"rendered":"[vc_row type=&#8221;in_container&#8221; full_screen_row_position=&#8221;middle&#8221; column_margin=&#8221;default&#8221; column_direction=&#8221;default&#8221; column_direction_tablet=&#8221;default&#8221; column_direction_phone=&#8221;default&#8221; scene_position=&#8221;center&#8221; text_color=&#8221;dark&#8221; text_align=&#8221;left&#8221; row_border_radius=&#8221;none&#8221; row_border_radius_applies=&#8221;bg&#8221; overflow=&#8221;visible&#8221; overlay_strength=&#8221;0.3&#8243; gradient_direction=&#8221;left_to_right&#8221; shape_divider_position=&#8221;bottom&#8221; bg_image_animation=&#8221;none&#8221;][vc_column column_padding=&#8221;no-extra-padding&#8221; column_padding_tablet=&#8221;inherit&#8221; column_padding_phone=&#8221;inherit&#8221; column_padding_position=&#8221;all&#8221; column_element_direction_desktop=&#8221;default&#8221; column_element_spacing=&#8221;default&#8221; desktop_text_alignment=&#8221;default&#8221; tablet_text_alignment=&#8221;default&#8221; phone_text_alignment=&#8221;default&#8221; background_color_opacity=&#8221;1&#8243; background_hover_color_opacity=&#8221;1&#8243; column_backdrop_filter=&#8221;none&#8221; column_shadow=&#8221;none&#8221; column_border_radius=&#8221;none&#8221; column_link_target=&#8221;_self&#8221; column_position=&#8221;default&#8221; gradient_direction=&#8221;left_to_right&#8221; overlay_strength=&#8221;0.3&#8243; width=&#8221;1\/1&#8243; tablet_width_inherit=&#8221;default&#8221; animation_type=&#8221;default&#8221; bg_image_animation=&#8221;none&#8221; border_type=&#8221;simple&#8221; column_border_width=&#8221;none&#8221; column_border_style=&#8221;solid&#8221;][vc_column_text css=&#8221;&#8221; text_direction=&#8221;default&#8221;]\n<p style=\"font-weight: 400;\"><span style=\"font-weight: 400;\">La tradizionale area Brunnenhof di Zurigo, per decenni sede di Radio SRF, viene rivitalizzata: dal 2025 ospita un moderno centro scolastico con aule, scuola di musica e svariate aree di movimento. Sotto la direzione di <b><strong>Jovanka Rakic<\/strong><\/b> del <b><strong>Dipartimento di costruzioni della citt\u00e0 di Zurigo<\/strong><\/b> e secondo i progetti di <b><strong>Spillmann Echsle Architekten<\/strong><\/b>, lo storico complesso \u00e8 stato accuratamente ristrutturato e adattato alle esigenze delle prossime generazioni. <\/span><\/p>\n<p style=\"font-weight: 400;\"><b><strong><span style=\"font-weight: 400;\">Dalla storia della radio all&#8217;istruzione del futuro<\/span><\/strong><\/b><\/p>\n<p style=\"font-weight: 400;\"><span style=\"font-weight: 400;\">Lo studio radiofonico di Zurigo, inaugurato nel 1933, ha plasmato la cultura radiofonica svizzera per quasi 90 anni. Dopo il trasferimento di SRF a Leutschenbach nel 2022, l&#8217;area dietro Bucheggplatz \u00e8 stata liberata. Invece di demolire e ricostruire, la citt\u00e0 di Zurigo punta a un riutilizzo ben studiato: un progetto modello che dimostra come la conservazione degli edifici esistenti e l&#8217;architettura contemporanea possano coesistere.  <\/span><\/p>\n<p style=\"font-weight: 400;\"><span style=\"font-weight: 400;\">L&#8217;edificio di otto piani ospiter\u00e0 in futuro aule per circa 15 classi. L&#8217;ex mensa sar\u00e0 trasformata in una mensa per il servizio scolastico diurno e due ex studi radiofonici saranno conservati come sale da concerto e per eventi. <\/span><\/p>\n<p style=\"font-weight: 400;\"><b><strong><span style=\"font-weight: 400;\">Movimento all&#8217;aperto: cubo da arrampicata e parkour<\/span><\/strong><\/b><\/p>\n<p style=\"font-weight: 400;\"><span style=\"font-weight: 400;\">Anche l&#8217;area esterna del Brunnenhof \u00e8 stata riprogettata e trasformata in un luogo di movimento, incontro e creativit\u00e0. Un punto culminante \u00e8 il nuovo <b><strong>cubo da arrampicata<\/strong><\/b>, fornito da <b><strong>Vertical Technik AG<\/strong><\/b>, uno specialista svizzero di impianti per il fitness all&#8217;aperto e il tempo libero. Anche l&#8217;<b><strong>impianto di parkour<\/strong><\/b> \u00e8 stato parzialmente realizzato da Vertical Technik AG e offre svariate possibilit\u00e0 per lo sport, il gioco e il movimento, invitando sia gli studenti che la popolazione locale a partecipare.  <\/span><\/p>\n<p style=\"font-weight: 400;\"><b><strong><span style=\"font-weight: 400;\">Un progetto lungimirante<\/span><\/strong><\/b><\/p>\n<p style=\"font-weight: 400;\"><span style=\"font-weight: 400;\">La responsabile del progetto, <b><strong>Jovanka Rakic<\/strong><\/b>, sottolinea l&#8217;importanza del progetto: \u201cStiamo trasformando un luogo ricco di storia in uno spazio di apprendimento e incontro vivace. Il Brunnenhof diventer\u00e0 un luogo in cui istruzione, musica e movimento si incontrano in modo stimolante\u201d. Con la ristrutturazione del Brunnenhof, la citt\u00e0 di Zurigo dimostra come gli edifici esistenti possano essere utilizzati in modo sensato e orientato al futuro per nuove finalit\u00e0 educative: un modello per lo sviluppo urbano sostenibile e la cultura edilizia vissuta. <\/span><\/p>\n<p style=\"font-weight: 400;\"><b><strong><span style=\"font-weight: 400;\">Apertura: 2025<\/span><\/strong><\/b><\/p>\n<p style=\"font-weight: 400;\"><b><strong><span style=\"font-weight: 400;\">Posizione:<\/span><\/strong><\/b><\/p>\n<p style=\"font-weight: 400;\"><span style=\"font-weight: 400;\">Impianto di parkour Brunnenhofstrasse 20 Zurigo 47.4009649, 8.5357539<\/span><\/p>\n<p style=\"font-weight: 400;\"><span style=\"font-weight: 400;\">Cubo da arrampicata Brunnenhofweg 30 Zurigo 47.40096, 8.535754<\/span><\/p>\n[\/vc_column_text][vc_gallery css=&#8221;&#8221; type=&#8221;image_grid&#8221; images=&#8221;52510,52514,52518,52522,52526,52530,52534,52538,52542,52546,52550,52554,52558,52562,52566,52570,52574,52578,52582,52586,52590,52594,52598,52602,52606,52610,52614,52618,52622,52626,52630,52634,52638,52642,52646,52650,52654,52658&#8243; image_grid_loading=&#8221;default&#8221; layout=&#8221;4&#8243; item_spacing=&#8221;default&#8221; gallery_style=&#8221;7&#8243; load_in_animation=&#8221;none&#8221;][\/vc_column][\/vc_row]\n","protected":false},"excerpt":{"rendered":"<p>[vc_row type=&#8221;in_container&#8221; full_screen_row_position=&#8221;middle&#8221; column_margin=&#8221;default&#8221; column_direction=&#8221;default&#8221; column_direction_tablet=&#8221;default&#8221; column_direction_phone=&#8221;default&#8221; scene_position=&#8221;center&#8221; text_color=&#8221;dark&#8221; text_align=&#8221;left&#8221; row_border_radius=&#8221;none&#8221; row_border_radius_applies=&#8221;bg&#8221; overflow=&#8221;visible&#8221; overlay_strength=&#8221;0.3&#8243; gradient_direction=&#8221;left_to_right&#8221; shape_divider_position=&#8221;bottom&#8221; bg_image_animation=&#8221;none&#8221;][vc_column column_padding=&#8221;no-extra-padding&#8221; column_padding_tablet=&#8221;inherit&#8221; column_padding_phone=&#8221;inherit&#8221; column_padding_position=&#8221;all&#8221; column_element_direction_desktop=&#8221;default&#8221; column_element_spacing=&#8221;default&#8221; desktop_text_alignment=&#8221;default&#8221; tablet_text_alignment=&#8221;default&#8221; phone_text_alignment=&#8221;default&#8221; background_color_opacity=&#8221;1&#8243; background_hover_color_opacity=&#8221;1&#8243; column_backdrop_filter=&#8221;none&#8221; column_shadow=&#8221;none&#8221;&#8230;<\/p>\n","protected":false},"author":1,"featured_media":52663,"comment_status":"open","ping_status":"open","sticky":false,"template":"","format":"gallery","meta":{"footnotes":""},"categories":[10979,10845,10932,10974,10847,10852,10846,10913],"tags":[],"jahr":[11068],"kanton":[11165],"land":[11168],"anlagentyp":[11198,11204],"class_list":{"0":"post-52489","1":"post","2":"type-post","3":"status-publish","4":"format-gallery","5":"has-post-thumbnail","7":"category-2025-it","8":"category-cronologia","9":"category-impianti-di-arrampicata","10":"category-strutture-per-il-parkour","11":"category-paese","12":"category-svizzera","13":"category-tipo-di-impianto","14":"category-zh-it","15":"post_format-post-format-gallery","16":"jahr-2025-it","17":"kanton-zh-it","18":"land-schweiz-it","19":"anlagentyp-kletteranlagen-it","20":"anlagentyp-parkouranlagen-it"},"_links":{"self":[{"href":"https:\/\/verticaltechnik.ch\/it\/wp-json\/wp\/v2\/posts\/52489","targetHints":{"allow":["GET"]}}],"collection":[{"href":"https:\/\/verticaltechnik.ch\/it\/wp-json\/wp\/v2\/posts"}],"about":[{"href":"https:\/\/verticaltechnik.ch\/it\/wp-json\/wp\/v2\/types\/post"}],"author":[{"embeddable":true,"href":"https:\/\/verticaltechnik.ch\/it\/wp-json\/wp\/v2\/users\/1"}],"replies":[{"embeddable":true,"href":"https:\/\/verticaltechnik.ch\/it\/wp-json\/wp\/v2\/comments?post=52489"}],"version-history":[{"count":0,"href":"https:\/\/verticaltechnik.ch\/it\/wp-json\/wp\/v2\/posts\/52489\/revisions"}],"wp:featuredmedia":[{"embeddable":true,"href":"https:\/\/verticaltechnik.ch\/it\/wp-json\/wp\/v2\/media\/52663"}],"wp:attachment":[{"href":"https:\/\/verticaltechnik.ch\/it\/wp-json\/wp\/v2\/media?parent=52489"}],"wp:term":[{"taxonomy":"category","embeddable":true,"href":"https:\/\/verticaltechnik.ch\/it\/wp-json\/wp\/v2\/categories?post=52489"},{"taxonomy":"post_tag","embeddable":true,"href":"https:\/\/verticaltechnik.ch\/it\/wp-json\/wp\/v2\/tags?post=52489"},{"taxonomy":"jahr","embeddable":true,"href":"https:\/\/verticaltechnik.ch\/it\/wp-json\/wp\/v2\/jahr?post=52489"},{"taxonomy":"kanton","embeddable":true,"href":"https:\/\/verticaltechnik.ch\/it\/wp-json\/wp\/v2\/kanton?post=52489"},{"taxonomy":"land","embeddable":true,"href":"https:\/\/verticaltechnik.ch\/it\/wp-json\/wp\/v2\/land?post=52489"},{"taxonomy":"anlagentyp","embeddable":true,"href":"https:\/\/verticaltechnik.ch\/it\/wp-json\/wp\/v2\/anlagentyp?post=52489"}],"curies":[{"name":"wp","href":"https:\/\/api.w.org\/{rel}","templated":true}]}}